{"id":46916,"date":"2025-10-04T06:35:18","date_gmt":"2025-10-04T06:35:18","guid":{"rendered":"https:\/\/www.europesays.com\/se\/46916\/"},"modified":"2025-10-04T06:35:18","modified_gmt":"2025-10-04T06:35:18","slug":"statsepidemiologen-om-listeriautbrottet-pa-coco-carmen","status":"publish","type":"post","link":"https:\/\/www.europesays.com\/se\/46916\/","title":{"rendered":"Statsepidemiologen om listeriautbrottet p\u00e5 Coco &#038; Carmen"},"content":{"rendered":"<p>Tio personer har bekr\u00e4ftats smittade av listeria i region Stockholm efter utbrottet p\u00e5 Coco &amp; Carmen.\u00a0<\/p>\n<p>Nu kopplas Folkh\u00e4lsomyndigheten in.\u00a0<\/p>\n<p>\u2013 Jag skulle s\u00e4ga att detta \u00e4r allvarligt, s\u00e4ger tf statsepidemiolog Erik Stureg\u00e5rd.<\/p>\n<p>Senaste nyhetsklippen fr\u00e5n Expressen.<img   alt=\"\"\/><\/p>\n<p>\u00d6stermalmsrestaurangen Coco &amp; Carmen h\u00e5ller st\u00e4ngt.<\/p>\n<p>Foto: OLLE SPORRONG<\/p>\n<p>\u00d6ppna bild i helsk\u00e4rm<img loading=\"lazy\"   alt=\"\"\/> <\/p>\n<p>Foto: Lena Katarina Johansson \/ Folkh\u00e4lsomyndigheten<\/p>\n<p>\u00d6ppna bild i helsk\u00e4rm<\/p>\n<p>400 personer som \u00e4tit p\u00e5 lyxrestaurangen Coco &amp; Carmen i f\u00f6rra veckan har kontaktats av Smittskydd <a href=\"https:\/\/www.expressen.se\/tagg\/location\/stockholm\/\" class=\"\" rel=\"nofollow noopener\" target=\"_blank\">Stockholm<\/a>, enligt P4 Stockholm. Tio personer \u00e4r bekr\u00e4ftat smittade med listeria i region Stockholm, skriver man i ett pressmeddelande. 130 har s\u00f6kt v\u00e5rd. Av dem v\u00e5rdas ett tiotal personer p\u00e5 regionens sjukhus.\u00a0<\/p>\n<p>\u2013 Ig\u00e5r och idag har antalet nya s\u00f6kande minskat avsev\u00e4rt men enstaka personer med symptom kommer in, s\u00e4ger Maria Rotz\u00e9n \u00d6stlund, smittskyddsl\u00e4kare i Region Stockholm.<\/p>\n<p>Ingen patient har beh\u00f6vt eller beh\u00f6ver intensivv\u00e5rd.\u00a0<\/p>\n<p>Smittskyddet i Stockholm arbetar fortfarande med att identifiera k\u00e4llan till utbrottet.<\/p>\n<p>Flera utskrivna\u00a0<\/p>\n<p>I flera andra regioner har personer s\u00f6kt v\u00e5rd med misst\u00e4nkt listeria eller matf\u00f6rgiftning.\u00a0<\/p>\n<p>Men flera har ocks\u00e5 blivit utskrivna fr\u00e5n sjukhuset under det senaste dygnet. P\u00e5 fredagen v\u00e5rdas en person i region Uppsala p\u00e5 infektionsavdelningen och tv\u00e5 har skrivits ut. I region \u00d6rebro har tv\u00e5 personer tidigare v\u00e5rdats p\u00e5 sjukhus, de v\u00e5rdas inte l\u00e4ngre, uppger regionen.<\/p>\n<p>Minst fyra personer har drabbats av sepsis som orsakats av listeria.<\/p>\n<p>Regioner d\u00e4r folk har s\u00f6kt v\u00e5rd<\/p>\n<p><strong>Region Stockholm<\/strong>: Ett 20-tal patienter med varierande sjukdomsbild v\u00e5rdades under onsdagen p\u00e5 sjukhus i regionen med misst\u00e4nkt listeriainfektion. Milj\u00f6f\u00f6rvaltningen har tagit emot \u00f6ver 100 klagom\u00e5l.<\/p>\n<p><strong>Region Dalarna<\/strong>: Ett f\u00e5tal personer har s\u00f6kt v\u00e5rd. Ingen har lagts in p\u00e5 sjukhus.<\/p>\n<p><strong>Region Kalmar<\/strong>: N\u00e5got enstaka fall har s\u00f6kt v\u00e5rd f\u00f6r sv\u00e5ra magtarmsymtom som g\u00e5tt \u00f6ver av sig sj\u00e4lv. Ej bekr\u00e4ftad listeria. Ingen inlagd.<\/p>\n<p><strong>Region Kronoberg<\/strong>: En person s\u00f6kte v\u00e5rd under helgen och en person h\u00f6rde av sig efter att ha f\u00e5tt brev. Ingen har lagts in p\u00e5 sjukhus.<\/p>\n<p><strong>Region Uppsala<\/strong>: 10-tal individer under veckan har s\u00f6kt v\u00e5rd, 3 har beh\u00f6vt l\u00e4ggas in p\u00e5 sjukhus. P\u00e5 torsdagen har tv\u00e5 av dem skrivits ut, en v\u00e5rdas fortfarande.<\/p>\n<p><strong>Region \u00d6rebro<\/strong>: Tv\u00e5 personer har v\u00e5rdats p\u00e5 sjukhus. P\u00e5 torsdag morgon ligger ingen inlagd.<\/p>\n<p><strong>V\u00e4stra G\u00f6talandregionen<\/strong>: Fem personer har s\u00f6kt v\u00e5rd. Ingen v\u00e5rdas p\u00e5 sjukhus p\u00e5 torsdagen.\u00a0<\/p>\n<p>Regioner som inte har svarat: Region Gotland, Region Norrbotten, Region V\u00e4sterbotten, Region V\u00e4stmanland.<\/p>\n<p>Regioner som inte hade n\u00e5gra inrapporterade fall p\u00e5 onsdagen: Region Blekinge, Region G\u00e4vleborg, Region Halland, Region J\u00e4mtland H\u00e4rjedalen, Region Sk\u00e5ne, Region S\u00f6rmland, Region V\u00e4rmland, Region V\u00e4sternorrland, Region \u00d6sterg\u00f6tland.<\/p>\n<p>Visa merFHM hj\u00e4lper till<\/p>\n<p>Nu har Folkh\u00e4lsomyndigheten kopplats in f\u00f6r att st\u00f6tta regionerna i arbetet.<\/p>\n<p>\u2013 Har vi mindre lokala utbrott s\u00e5 sk\u00f6ts det normalt sett av regionerna sj\u00e4lva. Men h\u00e4r \u00e4r det flera regioner inblandade och d\u00e5 g\u00e5r vi in och st\u00f6ttar med en samordning av samarbetet mellan regionerna, s\u00e4ger tf statsepidemiolog Erik Stureg\u00e5rd.\u00a0<\/p>\n<p>Provtagning av livsmedel tas av regionerna. Om man hittar listeria i proverna kommer man skicka vidare dem till FHM som f\u00e5r i uppdrag att identifiera huruvida bakterien kommer fr\u00e5n en och samma smittk\u00e4lla.<\/p>\n<p>\u2013 Vi har ju sett utbrott kopplade till olika matprodukter d\u00e4r man beh\u00f6vt dra tillbaka dem. D\u00e4rf\u00f6r \u00e4r det s\u00e5 viktigt att man ocks\u00e5 f\u00f6rs\u00f6ker identifiera k\u00e4llan, s\u00e5 man inte har n\u00e5got i omlopp, s\u00e4ger Stureg\u00e5rd till TT.<\/p>\n<p>D\u00e4rf\u00f6r \u00e4r utbrottet speciellt<\/p>\n<p>Listeriautbrottet p\u00e5 Coco &amp; Carmen sticker ut, s\u00e4ger Stureg\u00e5rd.<\/p>\n<p>\u2013 Hos personer som i \u00f6vrigt \u00e4r friska \u00e4r det v\u00e4ldigt ovanligt att man blir allvarligt sjuk. Det g\u00f6r att det h\u00e4r utbrottet i sig \u00e4r v\u00e4ldigt ovanligt \u00e4r att vi har ett stort antal individer, som inte tillh\u00f6r riskgrupp, som \u00e4nd\u00e5 insjuknar.\u00a0<\/p>\n<p>\u2013 Jag skulle s\u00e4ga att detta \u00e4r allvarligt f\u00f6r att det \u00e4r s\u00e5 v\u00e4ldigt ovanligt, s\u00e4ger han till Expressen.\u00a0<\/p>\n<p>Vad som ligger bakom utbrottet p\u00e5 restaurangen \u00e4r fortfarande oklart.\u00a0<\/p>\n","protected":false},"excerpt":{"rendered":"Tio personer har bekr\u00e4ftats smittade av listeria i region Stockholm efter utbrottet p\u00e5 Coco &amp; Carmen.\u00a0 Nu kopplas&hellip;\n","protected":false},"author":2,"featured_media":46917,"comment_status":"","ping_status":"","sticky":false,"template":"","format":"standard","meta":{"footnotes":""},"categories":[12],"tags":[22,23,26,27,17,21,24,25,1004,135,28,29,15,4697,16,4696,1892,18,34,154,31,33,32,30,19,20],"class_list":{"0":"post-46916","1":"post","2":"type-post","3":"status-publish","4":"format-standard","5":"has-post-thumbnail","7":"category-sverige","8":"tag-breaking-news","9":"tag-breakingnews","10":"tag-featured-news","11":"tag-featurednews","12":"tag-headlines","13":"tag-huvudnyheter","14":"tag-latest-news","15":"tag-latestnews","16":"tag-location-ostermalm","17":"tag-location-stockholm","18":"tag-main-news","19":"tag-mainnews","20":"tag-news","21":"tag-newsstory-listerialarmet-pa-coco-carmen","22":"tag-nyheter","23":"tag-organization-coco-carmen","24":"tag-organization-folkhalsomyndigheten","25":"tag-rubriker","26":"tag-se","27":"tag-sections-sverige","28":"tag-svenska","29":"tag-sverige","30":"tag-sweden","31":"tag-swedish","32":"tag-top-stories","33":"tag-topstories"},"share_on_mastodon":{"url":"","error":""},"_links":{"self":[{"href":"https:\/\/www.europesays.com\/se\/wp-json\/wp\/v2\/posts\/46916","targetHints":{"allow":["GET"]}}],"collection":[{"href":"https:\/\/www.europesays.com\/se\/wp-json\/wp\/v2\/posts"}],"about":[{"href":"https:\/\/www.europesays.com\/se\/wp-json\/wp\/v2\/types\/post"}],"author":[{"embeddable":true,"href":"https:\/\/www.europesays.com\/se\/wp-json\/wp\/v2\/users\/2"}],"replies":[{"embeddable":true,"href":"https:\/\/www.europesays.com\/se\/wp-json\/wp\/v2\/comments?post=46916"}],"version-history":[{"count":0,"href":"https:\/\/www.europesays.com\/se\/wp-json\/wp\/v2\/posts\/46916\/revisions"}],"wp:featuredmedia":[{"embeddable":true,"href":"https:\/\/www.europesays.com\/se\/wp-json\/wp\/v2\/media\/46917"}],"wp:attachment":[{"href":"https:\/\/www.europesays.com\/se\/wp-json\/wp\/v2\/media?parent=46916"}],"wp:term":[{"taxonomy":"category","embeddable":true,"href":"https:\/\/www.europesays.com\/se\/wp-json\/wp\/v2\/categories?post=46916"},{"taxonomy":"post_tag","embeddable":true,"href":"https:\/\/www.europesays.com\/se\/wp-json\/wp\/v2\/tags?post=46916"}],"curies":[{"name":"wp","href":"https:\/\/api.w.org\/{rel}","templated":true}]}}