{"id":47038,"date":"2025-10-04T10:18:07","date_gmt":"2025-10-04T10:18:07","guid":{"rendered":"https:\/\/www.europesays.com\/se\/47038\/"},"modified":"2025-10-04T10:18:07","modified_gmt":"2025-10-04T10:18:07","slug":"landskrona-varberg-skjuts-upp-pa-grund-av-stormen-amy-superettan","status":"publish","type":"post","link":"https:\/\/www.europesays.com\/se\/47038\/","title":{"rendered":"Landskrona\u2013Varberg skjuts upp \u2013 p\u00e5 grund av stormen Amy | Superettan"},"content":{"rendered":"<p>Publicerad 4 okt 2025 kl 11.47Uppdaterad kl 11.58<\/p>\n<p>Stormen Amy har sk\u00f6rdat sitt f\u00f6rsta fotbollsoffer. \u00a0<\/p>\n<p>M\u00f6tet mellan Landskrona och Varberg flyttas.\u00a0<\/p>\n<p>\u201dVi \u00e5terkommer med mer information om n\u00e4r och var matchen kommer att spelas\u201d, skriver Landskrona p\u00e5 <a href=\"https:\/\/x.com\/landskronabois\/status\/1974408442006602085\" rel=\"nofollow\">X. <\/a>\u00a0<\/p>\n<p><img   alt=\"\"\/><\/p>\n<p>Landskrona IP. Bilden \u00e4r tagen vid ett annat tillf\u00e4lle.<\/p>\n<p>Foto: FRITZ SCHIBLI \/ EXPRESSEN\/KV\u00c4LLSPOSTEN<\/p>\n<p>\u00d6ppna bild i helsk\u00e4rm<\/p>\n<p>Stormen Amy h\u00e4rjar i stora delar av Sverige. Nu bed\u00f6ms Landskrona IP inte vara spelduglig p\u00e5 grund av ov\u00e4dret.\u00a0<\/p>\n<p>Domaren har underk\u00e4nt planen, meddelar <a href=\"https:\/\/www.expressen.se\/tagg\/organization\/landskrona-bois\/\" class=\"\" rel=\"nofollow noopener\" target=\"_blank\">Landskrona Bois<\/a>.\u00a0<\/p>\n<p>D\u00e4rmed flyttas m\u00f6tet i superettan mellan Landskrona och Varbergs Bois. \u00a0<\/p>\n<p>\u201dVi \u00e5terkommer med mer information om n\u00e4r och var matchen kommer att spelas\u201d, skriver Landskrona p\u00e5 X.<\/p>\n<p>Texten uppdateras.\u00a0<\/p>\n","protected":false},"excerpt":{"rendered":"Publicerad 4 okt 2025 kl 11.47Uppdaterad kl 11.58 Stormen Amy har sk\u00f6rdat sitt f\u00f6rsta fotbollsoffer. \u00a0 M\u00f6tet mellan&hellip;\n","protected":false},"author":2,"featured_media":47039,"comment_status":"","ping_status":"","sticky":false,"template":"","format":"standard","meta":{"footnotes":""},"categories":[5],"tags":[22,23,26,27,17,21,24,25,28,29,15,16,4715,4716,18,34,129,215,31,33,32,30,19,20],"class_list":{"0":"post-47038","1":"post","2":"type-post","3":"status-publish","4":"format-standard","5":"has-post-thumbnail","7":"category-rubriker","8":"tag-breaking-news","9":"tag-breakingnews","10":"tag-featured-news","11":"tag-featurednews","12":"tag-headlines","13":"tag-huvudnyheter","14":"tag-latest-news","15":"tag-latestnews","16":"tag-main-news","17":"tag-mainnews","18":"tag-news","19":"tag-nyheter","20":"tag-organization-landskrona-bois","21":"tag-organization-varbergs-bois-fc","22":"tag-rubriker","23":"tag-se","24":"tag-sections-fotboll","25":"tag-sections-superettan","26":"tag-svenska","27":"tag-sverige","28":"tag-sweden","29":"tag-swedish","30":"tag-top-stories","31":"tag-topstories"},"share_on_mastodon":{"url":"","error":""},"_links":{"self":[{"href":"https:\/\/www.europesays.com\/se\/wp-json\/wp\/v2\/posts\/47038","targetHints":{"allow":["GET"]}}],"collection":[{"href":"https:\/\/www.europesays.com\/se\/wp-json\/wp\/v2\/posts"}],"about":[{"href":"https:\/\/www.europesays.com\/se\/wp-json\/wp\/v2\/types\/post"}],"author":[{"embeddable":true,"href":"https:\/\/www.europesays.com\/se\/wp-json\/wp\/v2\/users\/2"}],"replies":[{"embeddable":true,"href":"https:\/\/www.europesays.com\/se\/wp-json\/wp\/v2\/comments?post=47038"}],"version-history":[{"count":0,"href":"https:\/\/www.europesays.com\/se\/wp-json\/wp\/v2\/posts\/47038\/revisions"}],"wp:featuredmedia":[{"embeddable":true,"href":"https:\/\/www.europesays.com\/se\/wp-json\/wp\/v2\/media\/47039"}],"wp:attachment":[{"href":"https:\/\/www.europesays.com\/se\/wp-json\/wp\/v2\/media?parent=47038"}],"wp:term":[{"taxonomy":"category","embeddable":true,"href":"https:\/\/www.europesays.com\/se\/wp-json\/wp\/v2\/categories?post=47038"},{"taxonomy":"post_tag","embeddable":true,"href":"https:\/\/www.europesays.com\/se\/wp-json\/wp\/v2\/tags?post=47038"}],"curies":[{"name":"wp","href":"https:\/\/api.w.org\/{rel}","templated":true}]}}