{"id":47179,"date":"2025-10-04T13:59:25","date_gmt":"2025-10-04T13:59:25","guid":{"rendered":"https:\/\/www.europesays.com\/se\/47179\/"},"modified":"2025-10-04T13:59:25","modified_gmt":"2025-10-04T13:59:25","slug":"ambulanssjukvardaren-carina-vi-satt-inte-och-fikade-shl","status":"publish","type":"post","link":"https:\/\/www.europesays.com\/se\/47179\/","title":{"rendered":"Ambulanssjukv\u00e5rdaren Carina: \u201dVi satt inte och fikade\u201d | SHL"},"content":{"rendered":"<p>Publicerad 3 okt 2025 kl 13.45Uppdaterad kl 18.27<\/p>\n<p>Leon Bristedt sa att ambulanspersonalen \u201dsatt och fikade\u201d n\u00e4r Gregor Biber skadade sig ot\u00e4ckt. \u00a0<\/p>\n<p>Or\u00e4ttvist sagt, tycker sjukv\u00e5rdaren Carina H\u00f6gberg.\u00a0<\/p>\n<p>\u2013 Det \u00e4r tr\u00e5kigt att han t\u00e4nker att vi sitter d\u00e4r och sl\u00f6ar och fikar, s\u00e4ger H\u00f6gberg.<\/p>\n<p><img   alt=\"\"\/> <\/p>\n<p>Foto: Christine Olsson\/TT \/ TT NYHETSBYR\u00c5N<\/p>\n<p>\u00d6ppna bild i helsk\u00e4rm<img loading=\"lazy\"   alt=\"\"\/><\/p>\n<p>Carina H\u00f6gberg.<\/p>\n<p>Foto: Privat<\/p>\n<p>\u00d6ppna bild i helsk\u00e4rm<\/p>\n<p>Det var ett par minuter in i tredje perioden som R\u00f6gles Gregor Biber tacklades rej\u00e4lt av Djurg\u00e5rdens Marcus Kr\u00fcger.<\/p>\n<p>Biber l\u00e5g or\u00f6rlig kvar p\u00e5 Hovets is innan han till sist bars ut p\u00e5 b\u00e5r. Efter matchen f\u00f6rklarade lagkamraten <a href=\"https:\/\/www.expressen.se\/tagg\/person\/leon-bristedt\/\" class=\"\" rel=\"nofollow noopener\" target=\"_blank\">Leon Bristedt<\/a> att han tidigt p\u00e5kallade ambulanssjukv\u00e5rdarnas uppm\u00e4rksamhet.<\/p>\n<p>\u2013 Jag s\u00e5g p\u00e5 Biber att han inte m\u00e5dde bra. S\u00e5 jag f\u00f6rs\u00f6kte g\u00f6ra ambulanspersonalen som satt och fikade d\u00e4r i h\u00f6rnet uppm\u00e4rksammade p\u00e5 att de skulle komma ut p\u00e5 isen \u2013 och det gjorde de ju till slut, sa Bristedt till <a href=\"https:\/\/www.expressen.se\/sport\/hockey\/shl\/otacka-bilder-roglespelare-lamnar-pa-bar\/\" rel=\"nofollow noopener\" target=\"_blank\">Expressen. <\/a>\u00a0<\/p>\n<p>Att de satt och fikade \u00e4r felaktigt. Det menar ambulanssjukv\u00e5rdaren i fr\u00e5ga, Carina H\u00f6gberg.\u00a0<\/p>\n<p>\u2013 Jag tycker att det \u00e4r or\u00e4ttvist sagt. Det \u00e4r tr\u00e5kigt att han t\u00e4nker att vi sitter d\u00e4r och sl\u00f6ar och fikar, s\u00e4ger H\u00f6gberg.\u00a0<\/p>\n<p>\u201dMan \u00e4r ju alltid p\u00e5 t\u00e5rna\u201d\u00a0<\/p>\n<p>Hon och kollegan Johnny s\u00e5g n\u00e4r Gregor Biber skadade sig. De s\u00e5g ocks\u00e5 hur Leon Bristedt v\u00e4djade. Men samtidigt har de protokoll att utg\u00e5 ifr\u00e5n.\u00a0<\/p>\n<p>\u2013 Vi f\u00e5r v\u00e5ra uppdrag fr\u00e5n sambandscentralen, s\u00e5 vi inv\u00e4ntade kontakt fr\u00e5n dem innan vi tog b\u00e5ren till den skadade spelaren. Hos spelaren fanns det ytterst kompetent personal p\u00e5 plats snabbt \u2013 matchl\u00e4kare och fysioterapeut som vi givetvis samarbetar med. S\u00e5 fort vi fick signalen s\u00e5 gick vi in med b\u00e5ren, s\u00e4ger H\u00f6gberg som ocks\u00e5 vill passa p\u00e5 att ber\u00f6mma en R\u00f6gle-spelare.\u00a0<\/p>\n<p>\u2013 Han hj\u00e4lpte mig p\u00e5 isen, s\u00e5 att jag inte hoppade runt som Bambi p\u00e5 hal is.<\/p>\n<p>Gregor Biber beh\u00f6vde inte upps\u00f6ka sjukhus och m\u00e5r bra efter omst\u00e4ndigheterna.\u00a0<\/p>\n","protected":false},"excerpt":{"rendered":"Publicerad 3 okt 2025 kl 13.45Uppdaterad kl 18.27 Leon Bristedt sa att ambulanspersonalen \u201dsatt och fikade\u201d n\u00e4r Gregor&hellip;\n","protected":false},"author":2,"featured_media":47180,"comment_status":"","ping_status":"","sticky":false,"template":"","format":"standard","meta":{"footnotes":""},"categories":[68],"tags":[1015,4725,34,255,823,111,110,31,33,32,30],"class_list":{"0":"post-47179","1":"post","2":"type-post","3":"status-publish","4":"format-standard","5":"has-post-thumbnail","7":"category-sport","8":"tag-organization-rogle-bk","9":"tag-person-leon-bristedt","10":"tag-se","11":"tag-sections-ishockey","12":"tag-sections-shl","13":"tag-sport","14":"tag-sports","15":"tag-svenska","16":"tag-sverige","17":"tag-sweden","18":"tag-swedish"},"share_on_mastodon":{"url":"","error":""},"_links":{"self":[{"href":"https:\/\/www.europesays.com\/se\/wp-json\/wp\/v2\/posts\/47179","targetHints":{"allow":["GET"]}}],"collection":[{"href":"https:\/\/www.europesays.com\/se\/wp-json\/wp\/v2\/posts"}],"about":[{"href":"https:\/\/www.europesays.com\/se\/wp-json\/wp\/v2\/types\/post"}],"author":[{"embeddable":true,"href":"https:\/\/www.europesays.com\/se\/wp-json\/wp\/v2\/users\/2"}],"replies":[{"embeddable":true,"href":"https:\/\/www.europesays.com\/se\/wp-json\/wp\/v2\/comments?post=47179"}],"version-history":[{"count":0,"href":"https:\/\/www.europesays.com\/se\/wp-json\/wp\/v2\/posts\/47179\/revisions"}],"wp:featuredmedia":[{"embeddable":true,"href":"https:\/\/www.europesays.com\/se\/wp-json\/wp\/v2\/media\/47180"}],"wp:attachment":[{"href":"https:\/\/www.europesays.com\/se\/wp-json\/wp\/v2\/media?parent=47179"}],"wp:term":[{"taxonomy":"category","embeddable":true,"href":"https:\/\/www.europesays.com\/se\/wp-json\/wp\/v2\/categories?post=47179"},{"taxonomy":"post_tag","embeddable":true,"href":"https:\/\/www.europesays.com\/se\/wp-json\/wp\/v2\/tags?post=47179"}],"curies":[{"name":"wp","href":"https:\/\/api.w.org\/{rel}","templated":true}]}}