{"id":47193,"date":"2025-10-04T14:39:07","date_gmt":"2025-10-04T14:39:07","guid":{"rendered":"https:\/\/www.europesays.com\/se\/47193\/"},"modified":"2025-10-04T14:39:07","modified_gmt":"2025-10-04T14:39:07","slug":"frederik-dichow-utbytt-i-rivalmotet-mot-linkoping-shl","status":"publish","type":"post","link":"https:\/\/www.europesays.com\/se\/47193\/","title":{"rendered":"Frederik Dichow utbytt i rivalm\u00f6tet mot Link\u00f6ping | SHL"},"content":{"rendered":"<p>Publicerad 4 okt 2025 kl 16.17Uppdaterad kl 16.23<\/p>\n<p>20 minuter och tv\u00e5 insl\u00e4ppta m\u00e5l.\u00a0<\/p>\n<p>Sedan var det f\u00e4rdigspelat f\u00f6r m\u00e5lvakt Frederik Dichow i rivalm\u00f6tet mot Link\u00f6ping.\u00a0<\/p>\n<p>Inf\u00f6r den andra perioden bytte HV71 m\u00e5lvakt.\u00a0<\/p>\n<p><img   alt=\"\"\/><\/p>\n<p>Fredrik Dichow.<\/p>\n<p>Foto: EMMA WALLSKOG \/ BILDBYR\u00c5N<\/p>\n<p>\u00d6ppna bild i helsk\u00e4rm<img loading=\"lazy\"   alt=\"\"\/><\/p>\n<p>Anton Blomqvist.<\/p>\n<p>Foto: MATHIAS BERGELD \/ BILDBYR\u00c5N<\/p>\n<p>\u00d6ppna bild i helsk\u00e4rm<\/p>\n<p>Rivalm\u00f6tet och E4-derbyt mellan Link\u00f6ping och <a href=\"https:\/\/www.expressen.se\/tagg\/organization\/hv71\/\" class=\"\" rel=\"nofollow noopener\" target=\"_blank\">HV71<\/a> b\u00f6rjade p\u00e5 s\u00e4msta t\u00e4nkbara s\u00e4tt f\u00f6r J\u00f6nk\u00f6pingslagets m\u00e5lvakt Frederik Dichow.\u00a0<\/p>\n<p>Redan efter 2.20 hade dansken sl\u00e4ppt in det f\u00f6rsta m\u00e5let p\u00e5 ett till synes enkelt avslut fr\u00e5n hemmalagets Oliver Johansson.\u00a0<\/p>\n<p>\u2013 Han \u00e4r inte tillr\u00e4ckligt t\u00e4t, s\u00e4ger TV4:s kommentator Stefan Klemetz.\u00a0<\/p>\n<p>Med drygt tv\u00e5 minuter kvar innan paus gjorde Link\u00f6ping dessutom 2\u20130 och d\u00e5 var det f\u00e4rdigspelat f\u00f6r Dichow. Inf\u00f6r mittakten valde huvudtr\u00e4nare Anton Blomqvist att s\u00e4tta in Lassi Lehtinen mellan stolparna i st\u00e4llet.\u00a0<\/p>\n<p>\u2013 F\u00f6rsvarsspelet \u00e4r bra. Tryggt och fint. Vi h\u00e5ller dem p\u00e5 utsidan, s\u00e4ger Anton Blomqvist i TV4 Play.\u00a0<\/p>\n<p>Dichow har startat de fyra senaste matcherna f\u00f6r HV71.\u00a0<\/p>\n<p>Matchen p\u00e5g\u00e5r!<\/p>\n","protected":false},"excerpt":{"rendered":"Publicerad 4 okt 2025 kl 16.17Uppdaterad kl 16.23 20 minuter och tv\u00e5 insl\u00e4ppta m\u00e5l.\u00a0 Sedan var det f\u00e4rdigspelat&hellip;\n","protected":false},"author":2,"featured_media":47194,"comment_status":"","ping_status":"","sticky":false,"template":"","format":"standard","meta":{"footnotes":""},"categories":[68],"tags":[1354,2025,1179,34,255,823,111,110,31,33,32,30],"class_list":{"0":"post-47193","1":"post","2":"type-post","3":"status-publish","4":"format-standard","5":"has-post-thumbnail","7":"category-sport","8":"tag-organization-hv71","9":"tag-organization-linkoping-hc","10":"tag-organization-shl","11":"tag-se","12":"tag-sections-ishockey","13":"tag-sections-shl","14":"tag-sport","15":"tag-sports","16":"tag-svenska","17":"tag-sverige","18":"tag-sweden","19":"tag-swedish"},"share_on_mastodon":{"url":"","error":""},"_links":{"self":[{"href":"https:\/\/www.europesays.com\/se\/wp-json\/wp\/v2\/posts\/47193","targetHints":{"allow":["GET"]}}],"collection":[{"href":"https:\/\/www.europesays.com\/se\/wp-json\/wp\/v2\/posts"}],"about":[{"href":"https:\/\/www.europesays.com\/se\/wp-json\/wp\/v2\/types\/post"}],"author":[{"embeddable":true,"href":"https:\/\/www.europesays.com\/se\/wp-json\/wp\/v2\/users\/2"}],"replies":[{"embeddable":true,"href":"https:\/\/www.europesays.com\/se\/wp-json\/wp\/v2\/comments?post=47193"}],"version-history":[{"count":0,"href":"https:\/\/www.europesays.com\/se\/wp-json\/wp\/v2\/posts\/47193\/revisions"}],"wp:featuredmedia":[{"embeddable":true,"href":"https:\/\/www.europesays.com\/se\/wp-json\/wp\/v2\/media\/47194"}],"wp:attachment":[{"href":"https:\/\/www.europesays.com\/se\/wp-json\/wp\/v2\/media?parent=47193"}],"wp:term":[{"taxonomy":"category","embeddable":true,"href":"https:\/\/www.europesays.com\/se\/wp-json\/wp\/v2\/categories?post=47193"},{"taxonomy":"post_tag","embeddable":true,"href":"https:\/\/www.europesays.com\/se\/wp-json\/wp\/v2\/tags?post=47193"}],"curies":[{"name":"wp","href":"https:\/\/api.w.org\/{rel}","templated":true}]}}