{"id":47195,"date":"2025-10-04T14:40:07","date_gmt":"2025-10-04T14:40:07","guid":{"rendered":"https:\/\/www.europesays.com\/se\/47195\/"},"modified":"2025-10-04T14:40:07","modified_gmt":"2025-10-04T14:40:07","slug":"tiktok-profilen-isa-ostlings-kanga-till-kandisdejtingappen","status":"publish","type":"post","link":"https:\/\/www.europesays.com\/se\/47195\/","title":{"rendered":"Tiktok-profilen Isa \u00d6stlings k\u00e4nga till k\u00e4ndisdejtingappen"},"content":{"rendered":"<p>Publicerad 4 okt 2025 kl 15.58Uppdaterad kl 16.22<\/p>\n<p>Snustorrt \u2013 s\u00e5 beskriver Tiktok-profilen Isa \u00d6stling sitt k\u00e4rleksliv.<\/p>\n<p>Men singellivet blomstrar och profilen finns bara p\u00e5 en dejtingapp.<\/p>\n<p>\u2013 De flesta d\u00e4r \u00e4r rika, snygga och k\u00e4nda, s\u00e4ger 22-\u00e5ringen.<\/p>\n<p>Tilda T\u00f6rnqvist och Isa \u00d6stling om ryktet om en swingersv\u00e5g i Stockholm.<img loading=\"lazy\"   alt=\"\"\/><\/p>\n<p>Isa \u00d6stling.<\/p>\n<p>Foto: Karin T\u00f6rnblom\/TT \/ TT NYHETSBYR\u00c5N<\/p>\n<p>\u00d6ppna bild i helsk\u00e4rm<img loading=\"lazy\"   alt=\"\"\/><\/p>\n<p>Isa \u00d6stling.<\/p>\n<p>Foto: SANDRA HANSSON \/ SPA SPA | SWEDISH PRESS AGENCY<\/p>\n<p>\u00d6ppna bild i helsk\u00e4rm<img loading=\"lazy\"   alt=\"\"\/> <\/p>\n<p>Foto: SANDRA HANSSON \/ SPA | Swedish Press Agency<\/p>\n<p>\u00d6ppna bild i helsk\u00e4rm<\/p>\n<p>Isa \u00d6stling, 22, lever det glada singellivet i Stockholm.<\/p>\n<p>Hon letar inte efter en partner i nul\u00e4get.<\/p>\n<p>\u2013 Jag t\u00e4nker bara s\u00e5 h\u00e4r: \u201dHade jag haft en snubbe nu s\u00e5 hade han bara saktat ner mig och min karri\u00e4r. Det kommer sen\u201d, s\u00e4ger \u00d6stling n\u00e4r Expressen tr\u00e4ffar henne p\u00e5 det gemensamma eventet med Tilda T\u00f6rnqvist f\u00f6r Espresso house.<\/p>\n<p>\u201dRika, snygga, k\u00e4nda\u201d<\/p>\n<p>Tiktok-profilen ber\u00e4ttar dock att hon finns p\u00e5 en dejtingapp: Raya.<\/p>\n<p>\u2013 De flesta d\u00e4r \u00e4r ju v\u00e4ldigt \u201dpsyk\u201d, s\u00e4ger \u00d6stling och utvecklar sedan vad hon menar.<\/p>\n<p>\u2013 De vet att de \u00e4r rika, snygga och k\u00e4nda. Och d\u00e5 blir det att de vill tr\u00e4ffa mig som en eng\u00e5ngsf\u00f6reteelse, s\u00e4ger \u00d6stling och skrattar.<\/p>\n<p>Hon vill dock inte g\u00e5 in p\u00e5 vilka k\u00e4ndisar som dykt upp p\u00e5 dejtingappen.<\/p>\n<p>Natten med hemlige mannen<\/p>\n<p>Nyligen ber\u00e4ttade 22-\u00e5ringen att hon sov \u00f6ver med en man och att det var \u201dj\u00e4ttetrevligt\u201d.<\/p>\n<p>F\u00f6r <a href=\"https:\/\/www.hant.se\/noje\/isa-ostling-har-traffat-en-man-nu-avslojar-hon-for-hant\/11031005\" rel=\"nofollow noopener\" target=\"_blank\">H\u00e4nt<\/a> ber\u00e4ttar profilen att hon kommer sova med den hemlige mannen igen.<\/p>\n<p>\u2013 Allts\u00e5, ja, men bara sova d\u00e5, som lite s\u00e4llskap. Man beh\u00f6ver lite manligt s\u00e4llskap, s\u00e4ger hon till sajten.<\/p>\n","protected":false},"excerpt":{"rendered":"Publicerad 4 okt 2025 kl 15.58Uppdaterad kl 16.22 Snustorrt \u2013 s\u00e5 beskriver Tiktok-profilen Isa \u00d6stling sitt k\u00e4rleksliv. Men&hellip;\n","protected":false},"author":2,"featured_media":47196,"comment_status":"","ping_status":"","sticky":false,"template":"","format":"standard","meta":{"footnotes":""},"categories":[67],"tags":[104,34,31,33,32,30,310,547,105],"class_list":{"0":"post-47195","1":"post","2":"type-post","3":"status-publish","4":"format-standard","5":"has-post-thumbnail","7":"category-underhallning","8":"tag-entertainment","9":"tag-se","10":"tag-svenska","11":"tag-sverige","12":"tag-sweden","13":"tag-swedish","14":"tag-topic-kandisar","15":"tag-topic-karlek-relationer","16":"tag-underhallning"},"share_on_mastodon":{"url":"","error":""},"_links":{"self":[{"href":"https:\/\/www.europesays.com\/se\/wp-json\/wp\/v2\/posts\/47195","targetHints":{"allow":["GET"]}}],"collection":[{"href":"https:\/\/www.europesays.com\/se\/wp-json\/wp\/v2\/posts"}],"about":[{"href":"https:\/\/www.europesays.com\/se\/wp-json\/wp\/v2\/types\/post"}],"author":[{"embeddable":true,"href":"https:\/\/www.europesays.com\/se\/wp-json\/wp\/v2\/users\/2"}],"replies":[{"embeddable":true,"href":"https:\/\/www.europesays.com\/se\/wp-json\/wp\/v2\/comments?post=47195"}],"version-history":[{"count":0,"href":"https:\/\/www.europesays.com\/se\/wp-json\/wp\/v2\/posts\/47195\/revisions"}],"wp:featuredmedia":[{"embeddable":true,"href":"https:\/\/www.europesays.com\/se\/wp-json\/wp\/v2\/media\/47196"}],"wp:attachment":[{"href":"https:\/\/www.europesays.com\/se\/wp-json\/wp\/v2\/media?parent=47195"}],"wp:term":[{"taxonomy":"category","embeddable":true,"href":"https:\/\/www.europesays.com\/se\/wp-json\/wp\/v2\/categories?post=47195"},{"taxonomy":"post_tag","embeddable":true,"href":"https:\/\/www.europesays.com\/se\/wp-json\/wp\/v2\/tags?post=47195"}],"curies":[{"name":"wp","href":"https:\/\/api.w.org\/{rel}","templated":true}]}}