{"id":47286,"date":"2025-10-04T17:18:11","date_gmt":"2025-10-04T17:18:11","guid":{"rendered":"https:\/\/www.europesays.com\/se\/47286\/"},"modified":"2025-10-04T17:18:11","modified_gmt":"2025-10-04T17:18:11","slug":"nicklas-backstrom-gor-sitt-forsta-shl-mal-sedan-aterkomsten-shl","status":"publish","type":"post","link":"https:\/\/www.europesays.com\/se\/47286\/","title":{"rendered":"Nicklas B\u00e4ckstr\u00f6m g\u00f6r sitt f\u00f6rsta SHL-m\u00e5l sedan \u00e5terkomsten | SHL"},"content":{"rendered":"<p>Publicerad 4 okt 2025 kl 18.38Uppdaterad kl 18.44<\/p>\n<p>Nicklas B\u00e4ckstr\u00f6m \u00e4r tillbaka i SHL.<\/p>\n<p>Nu \u00e4ven som m\u00e5lskytt.<\/p>\n<p>\u2013 Det var r\u00e4tt s\u00e5 sk\u00f6nt faktiskt, s\u00e4ger han i TV4.<\/p>\n<p><img   alt=\"\"\/><\/p>\n<p>Nicklas B\u00e4ckstr\u00f6m blev m\u00e5lskytt mot F\u00e4rjestad.<\/p>\n<p>Foto: MICHAEL ERICHSEN \/ BILDBYR\u00c5N<\/p>\n<p>\u00d6ppna bild i helsk\u00e4rm<\/p>\n<p><a href=\"https:\/\/www.expressen.se\/tagg\/person\/nicklas-backstrom\/\" class=\"\" rel=\"nofollow noopener\" target=\"_blank\">Nicklas B\u00e4ckstr\u00f6m<\/a> har v\u00e4ntat ett tag p\u00e5 det d\u00e4r m\u00e5let f\u00f6r Bryn\u00e4s.<\/p>\n<p>Det dr\u00f6jde nio omg\u00e5ngar \u2013 eller totalt 6795 dagar f\u00f6r att vara mer exakt \u2013 innan Nicklas B\u00e4ckstr\u00f6m blev m\u00e5lskytt i SHL-\u00e5terkomsten.<\/p>\n<p>Med exakt en minut kvar av den f\u00f6rsta perioden slog 37-\u00e5ringen till mot F\u00e4rjestad. Med ett sn\u00e4rtigt handledsskott gav B\u00e4ckstr\u00f6m sitt lag ledningen.<\/p>\n<p>\u2013 Det var r\u00e4tt s\u00e5 sk\u00f6nt faktiskt, konstaterar B\u00e4ckstr\u00f6m i periodpausen.\u00a0<\/p>\n<p>Den l\u00e4ngre v\u00e4ntan p\u00e5 m\u00e5let har inte tyngt B\u00e4ckstr\u00f6m, medger han sj\u00e4lv i TV4.<\/p>\n<p>\u2013 Jag g\u00e5r inte runt och t\u00e4nker p\u00e5 det. men det \u00e4r klart man k\u00e4nner av det. Det \u00e4r s\u00e5 det funkar i sporten. Sk\u00f6nt att bryta det nu.<\/p>\n<p>Texten uppdateras.<\/p>\n","protected":false},"excerpt":{"rendered":"Publicerad 4 okt 2025 kl 18.38Uppdaterad kl 18.44 Nicklas B\u00e4ckstr\u00f6m \u00e4r tillbaka i SHL. Nu \u00e4ven som m\u00e5lskytt.&hellip;\n","protected":false},"author":2,"featured_media":47287,"comment_status":"","ping_status":"","sticky":false,"template":"","format":"standard","meta":{"footnotes":""},"categories":[5],"tags":[22,23,26,27,17,21,24,25,28,29,15,16,824,2939,1179,825,18,34,255,823,31,33,32,30,19,20],"class_list":{"0":"post-47286","1":"post","2":"type-post","3":"status-publish","4":"format-standard","5":"has-post-thumbnail","7":"category-rubriker","8":"tag-breaking-news","9":"tag-breakingnews","10":"tag-featured-news","11":"tag-featurednews","12":"tag-headlines","13":"tag-huvudnyheter","14":"tag-latest-news","15":"tag-latestnews","16":"tag-main-news","17":"tag-mainnews","18":"tag-news","19":"tag-nyheter","20":"tag-organization-brynas-if","21":"tag-organization-farjestad-bk","22":"tag-organization-shl","23":"tag-person-nicklas-backstrom","24":"tag-rubriker","25":"tag-se","26":"tag-sections-ishockey","27":"tag-sections-shl","28":"tag-svenska","29":"tag-sverige","30":"tag-sweden","31":"tag-swedish","32":"tag-top-stories","33":"tag-topstories"},"share_on_mastodon":{"url":"","error":""},"_links":{"self":[{"href":"https:\/\/www.europesays.com\/se\/wp-json\/wp\/v2\/posts\/47286","targetHints":{"allow":["GET"]}}],"collection":[{"href":"https:\/\/www.europesays.com\/se\/wp-json\/wp\/v2\/posts"}],"about":[{"href":"https:\/\/www.europesays.com\/se\/wp-json\/wp\/v2\/types\/post"}],"author":[{"embeddable":true,"href":"https:\/\/www.europesays.com\/se\/wp-json\/wp\/v2\/users\/2"}],"replies":[{"embeddable":true,"href":"https:\/\/www.europesays.com\/se\/wp-json\/wp\/v2\/comments?post=47286"}],"version-history":[{"count":0,"href":"https:\/\/www.europesays.com\/se\/wp-json\/wp\/v2\/posts\/47286\/revisions"}],"wp:featuredmedia":[{"embeddable":true,"href":"https:\/\/www.europesays.com\/se\/wp-json\/wp\/v2\/media\/47287"}],"wp:attachment":[{"href":"https:\/\/www.europesays.com\/se\/wp-json\/wp\/v2\/media?parent=47286"}],"wp:term":[{"taxonomy":"category","embeddable":true,"href":"https:\/\/www.europesays.com\/se\/wp-json\/wp\/v2\/categories?post=47286"},{"taxonomy":"post_tag","embeddable":true,"href":"https:\/\/www.europesays.com\/se\/wp-json\/wp\/v2\/tags?post=47286"}],"curies":[{"name":"wp","href":"https:\/\/api.w.org\/{rel}","templated":true}]}}