{"id":47457,"date":"2025-10-05T02:13:35","date_gmt":"2025-10-05T02:13:35","guid":{"rendered":"https:\/\/www.europesays.com\/se\/47457\/"},"modified":"2025-10-05T02:13:35","modified_gmt":"2025-10-05T02:13:35","slug":"svensk-man-ihjalskjuten-i-puerto-banus","status":"publish","type":"post","link":"https:\/\/www.europesays.com\/se\/47457\/","title":{"rendered":"Svensk man ihj\u00e4lskjuten i Puerto Ban\u00fas"},"content":{"rendered":"<p class=\"rubrik4 ingress article-body\">MARBELLA En 25-\u00e5rig man sk\u00f6ts p\u00e5 n\u00e4ra h\u00e5ll p\u00e5 en terrass i Puerto Ban\u00fas p\u00e5 fredagseftermiddagen och avled senare p\u00e5 sjukhus. Polisen sp\u00e4rrade snabbt av omr\u00e5det och grep en misst\u00e4nkt g\u00e4rningsman. Enligt medier \u00e4r b\u00e5de offret och den misst\u00e4nkta g\u00e4rningsmannen svenska medborgare.<\/p>\n<p class=\"text\">Den skjutne ska ha st\u00e5tt och pratat i telefon p\u00e5 en barterrass vid Avenida Jos\u00e9 Ban\u00fas n\u00e4r en person klev ur en bil, korsade gatan och avlossade omkring sex skott mot honom. Larmet kom in till n\u00f6dnumret 112 vid 13.30-tiden, varefter polis och ambulans f\u00f6rde offret till sjukhus, men kunde inte r\u00e4dda hans liv, skriver <a href=\"https:\/\/www.diariosur.es\/sucesos\/nuevo-tiroteo-marbella-salda-herido-bala-20251003155233-nt.html\" target=\"_blank\" rel=\"nofollow noopener\">Diario Sur<\/a>.&#13;<\/p>\n<p>Polic\u00eda Nacional st\u00e4ngde tillf\u00e4lligt alla in- och utfarter i kommunen, vilket m\u00f6jliggjorde ett snabbt gripande av den misst\u00e4nkta g\u00e4rningsmannen. F\u00f6runders\u00f6kningen p\u00e5g\u00e5r f\u00f6r att klarl\u00e4gga motiv och omst\u00e4ndigheter kring h\u00e4ndelsen.&#13;<\/p>\n<p>Enligt SVT hade offret kopplingar till kriminella ligor i Stockholm och en hotbild \u00f6ver sig medan den misst\u00e4nkte g\u00e4rningsmannen, som \u00e4r i 40-\u00e5rs\u00e5ldern, inte har n\u00e5gon k\u00e4nd n\u00e4tverkskoppling. Tidningen M\u00e1laga Hoy delar en video fr\u00e5n en bevakningskamera som visar h\u00e4ndelsen: <a href=\"https:\/\/www.malagahoy.es\/videos\/video-grabacion-tiroteo-joven-25-anos_8_2004940969.html\" target=\"_blank\" rel=\"nofollow noopener\">https:\/\/www.malagahoy.es<\/a>&#13;<\/p>\n<p>Ett flertal v\u00e5ldsd\u00e5d p\u00e5 Costa del Sol kopplas till svenska ligor. S\u00e5 sent som i augusti greps tv\u00e5 unga m\u00e4n i M\u00e1laga, en av dem minder\u00e5rig, efter att de rest fr\u00e5n G\u00f6teborg med avsikt att beg\u00e5 ett best\u00e4llningsmord. L\u00e4s mer: <a href=\"https:\/\/www.sydkusten.es\/sk\/25\/a\/43913\/spansk-polis-avstyrde-svenskt-bestallningsmord\/\" target=\"_blank\" rel=\"nofollow noopener\">https:\/\/www.sydkusten.es<\/a><\/p>\n","protected":false},"excerpt":{"rendered":"MARBELLA En 25-\u00e5rig man sk\u00f6ts p\u00e5 n\u00e4ra h\u00e5ll p\u00e5 en terrass i Puerto Ban\u00fas p\u00e5 fredagseftermiddagen och avled&hellip;\n","protected":false},"author":2,"featured_media":46633,"comment_status":"","ping_status":"","sticky":false,"template":"","format":"standard","meta":{"footnotes":""},"categories":[5],"tags":[4693,22,23,1051,26,27,17,21,3387,4691,24,25,28,29,4690,15,16,4692,18,34,691,4737,31,33,32,30,1050,1059,19,20],"class_list":{"0":"post-47457","1":"post","2":"type-post","3":"status-publish","4":"format-standard","5":"has-post-thumbnail","7":"category-rubriker","8":"tag-bans","9":"tag-breaking-news","10":"tag-breakingnews","11":"tag-costa-del-sol","12":"tag-featured-news","13":"tag-featurednews","14":"tag-headlines","15":"tag-huvudnyheter","16":"tag-i","17":"tag-ihjlskjuten","18":"tag-latest-news","19":"tag-latestnews","20":"tag-main-news","21":"tag-mainnews","22":"tag-man","23":"tag-news","24":"tag-nyheter","25":"tag-puerto","26":"tag-rubriker","27":"tag-se","28":"tag-spanien","29":"tag-svensk","30":"tag-svenska","31":"tag-sverige","32":"tag-sweden","33":"tag-swedish","34":"tag-sydkusten","35":"tag-sydkusten-es","36":"tag-top-stories","37":"tag-topstories"},"share_on_mastodon":{"url":"","error":""},"_links":{"self":[{"href":"https:\/\/www.europesays.com\/se\/wp-json\/wp\/v2\/posts\/47457","targetHints":{"allow":["GET"]}}],"collection":[{"href":"https:\/\/www.europesays.com\/se\/wp-json\/wp\/v2\/posts"}],"about":[{"href":"https:\/\/www.europesays.com\/se\/wp-json\/wp\/v2\/types\/post"}],"author":[{"embeddable":true,"href":"https:\/\/www.europesays.com\/se\/wp-json\/wp\/v2\/users\/2"}],"replies":[{"embeddable":true,"href":"https:\/\/www.europesays.com\/se\/wp-json\/wp\/v2\/comments?post=47457"}],"version-history":[{"count":0,"href":"https:\/\/www.europesays.com\/se\/wp-json\/wp\/v2\/posts\/47457\/revisions"}],"wp:featuredmedia":[{"embeddable":true,"href":"https:\/\/www.europesays.com\/se\/wp-json\/wp\/v2\/media\/46633"}],"wp:attachment":[{"href":"https:\/\/www.europesays.com\/se\/wp-json\/wp\/v2\/media?parent=47457"}],"wp:term":[{"taxonomy":"category","embeddable":true,"href":"https:\/\/www.europesays.com\/se\/wp-json\/wp\/v2\/categories?post=47457"},{"taxonomy":"post_tag","embeddable":true,"href":"https:\/\/www.europesays.com\/se\/wp-json\/wp\/v2\/tags?post=47457"}],"curies":[{"name":"wp","href":"https:\/\/api.w.org\/{rel}","templated":true}]}}