{"id":47470,"date":"2025-10-05T03:19:07","date_gmt":"2025-10-05T03:19:07","guid":{"rendered":"https:\/\/www.europesays.com\/se\/47470\/"},"modified":"2025-10-05T03:19:07","modified_gmt":"2025-10-05T03:19:07","slug":"dyrast-och-billigast-tandlakare-dar-du-bor-sok-i-listan","status":"publish","type":"post","link":"https:\/\/www.europesays.com\/se\/47470\/","title":{"rendered":"Dyrast och billigast tandl\u00e4kare d\u00e4r du bor \u2013 s\u00f6k i listan"},"content":{"rendered":"<p>Publicerad 5 okt 2025 kl 05.00<\/p>\n<p>PremiumSvenska tandl\u00e4kare f\u00e5r priss\u00e4tta hur de vill.\u00a0<\/p>\n<p>D\u00e4rmed kan det skilja tusenlappar, beroende p\u00e5 hur, var och vem man v\u00e4ljer.\u00a0<\/p>\n<p>\u2013 Vissa kliniker lockar med l\u00e5ga priser p\u00e5 unders\u00f6kningar, men tar ut betydligt h\u00f6gre avgifter f\u00f6r andra behandlingar, s\u00e4ger Mikael Moutakis, senior analytiker p\u00e5 TLV.<\/p>\n<p>H\u00e4r \u00e4r listan som visar billigast d\u00e4r du bor.<\/p>\n<p><img   alt=\"\"\/><\/p>\n<p>Svenska tandl\u00e4kare f\u00e5r priss\u00e4tta hur de vill.<br \/>\nD\u00e4rmed kan det skilja tusenlappar f\u00f6r en enkel lagning.<\/p>\n<p>Foto: Maria Sbytova \/ Shutterstock<\/p>\n<p>\u00d6ppna bild i helsk\u00e4rm<\/p>\n","protected":false},"excerpt":{"rendered":"Publicerad 5 okt 2025 kl 05.00 PremiumSvenska tandl\u00e4kare f\u00e5r priss\u00e4tta hur de vill.\u00a0 D\u00e4rmed kan det skilja tusenlappar,&hellip;\n","protected":false},"author":2,"featured_media":47471,"comment_status":"","ping_status":"","sticky":false,"template":"","format":"standard","meta":{"footnotes":""},"categories":[65],"tags":[72,70,71,4739,103,34,607,31,33,32,30],"class_list":{"0":"post-47470","1":"post","2":"type-post","3":"status-publish","4":"format-standard","5":"has-post-thumbnail","7":"category-ekonomi","8":"tag-business","9":"tag-economy","10":"tag-ekonomi","11":"tag-organization-tandvards-och-lakemedelsformansverket","12":"tag-premium","13":"tag-se","14":"tag-sections-konsument","15":"tag-svenska","16":"tag-sverige","17":"tag-sweden","18":"tag-swedish"},"share_on_mastodon":{"url":"","error":""},"_links":{"self":[{"href":"https:\/\/www.europesays.com\/se\/wp-json\/wp\/v2\/posts\/47470","targetHints":{"allow":["GET"]}}],"collection":[{"href":"https:\/\/www.europesays.com\/se\/wp-json\/wp\/v2\/posts"}],"about":[{"href":"https:\/\/www.europesays.com\/se\/wp-json\/wp\/v2\/types\/post"}],"author":[{"embeddable":true,"href":"https:\/\/www.europesays.com\/se\/wp-json\/wp\/v2\/users\/2"}],"replies":[{"embeddable":true,"href":"https:\/\/www.europesays.com\/se\/wp-json\/wp\/v2\/comments?post=47470"}],"version-history":[{"count":0,"href":"https:\/\/www.europesays.com\/se\/wp-json\/wp\/v2\/posts\/47470\/revisions"}],"wp:featuredmedia":[{"embeddable":true,"href":"https:\/\/www.europesays.com\/se\/wp-json\/wp\/v2\/media\/47471"}],"wp:attachment":[{"href":"https:\/\/www.europesays.com\/se\/wp-json\/wp\/v2\/media?parent=47470"}],"wp:term":[{"taxonomy":"category","embeddable":true,"href":"https:\/\/www.europesays.com\/se\/wp-json\/wp\/v2\/categories?post=47470"},{"taxonomy":"post_tag","embeddable":true,"href":"https:\/\/www.europesays.com\/se\/wp-json\/wp\/v2\/tags?post=47470"}],"curies":[{"name":"wp","href":"https:\/\/api.w.org\/{rel}","templated":true}]}}