{"id":47493,"date":"2025-10-05T04:06:28","date_gmt":"2025-10-05T04:06:28","guid":{"rendered":"https:\/\/www.europesays.com\/se\/47493\/"},"modified":"2025-10-05T04:06:28","modified_gmt":"2025-10-05T04:06:28","slug":"ai-skadespelerska-vacker-raseri-i-hollywood","status":"publish","type":"post","link":"https:\/\/www.europesays.com\/se\/47493\/","title":{"rendered":"AI-\u201dsk\u00e5despelerska\u201d v\u00e4cker raseri i Hollywood"},"content":{"rendered":"<p>En AI-skapad \u201dsk\u00e5despelerska\u201d har utl\u00f6st starka reaktioner i Hollywood. Figuren \u201dTilly Norwood\u201d, framtagen av det brittiska bolaget Particle6, har en egen hemsida och ett eget Instagramkonto d\u00e4r hon marknadsf\u00f6rs som en blivande sk\u00e5despelare, rapporterar CNN. <\/p>\n<p>Enligt Deadline sade skaparen Eline Van Der Velden vid ett framtr\u00e4dande i Z\u00fcrich att talangagenter \u00e4r intresserade av att representera Tilly \u2013 n\u00e5got som fick flera k\u00e4nda sk\u00e5despelare att g\u00e5 i taket.<\/p>\n<p>I ett inl\u00e4gg p\u00e5 sociala medier f\u00f6rsvarar Van Der Velden Tilly som ett konstn\u00e4rligt experiment och h\u00e4vdar att hon inte \u00e4r avsedd att ers\u00e4tta m\u00e4nniskor. Men kritikerna ser utvecklingen som \u00e4nnu ett hot fr\u00e5n AI mot kreativa yrken i en bransch som redan pr\u00e4glats av konflikter kring teknikens roll, skriver Futurism.<\/p>\n<p>Omni \u00e4r politiskt obundna och oberoende. Vi str\u00e4var efter att ge fler perspektiv p\u00e5 nyheterna. Har du fr\u00e5gor eller synpunkter kring v\u00e5r rapportering? <a href=\"https:\/\/omni.se\/ai-skadespelerska-vacker-raseri-i-hollywood\/a\/mailto:redaktion@omni.se\" class=\"ArticleActions_contactLink__W2F1M\" rel=\"nofollow noopener\" target=\"_blank\">Kontakta redaktionen<\/a><\/p>\n","protected":false},"excerpt":{"rendered":"En AI-skapad \u201dsk\u00e5despelerska\u201d har utl\u00f6st starka reaktioner i Hollywood. Figuren \u201dTilly Norwood\u201d, framtagen av det brittiska bolaget Particle6,&hellip;\n","protected":false},"author":2,"featured_media":47494,"comment_status":"","ping_status":"","sticky":false,"template":"","format":"standard","meta":{"footnotes":""},"categories":[67],"tags":[104,267,2573,4741,34,31,33,32,30,105],"class_list":{"0":"post-47493","1":"post","2":"type-post","3":"status-publish","4":"format-standard","5":"has-post-thumbnail","7":"category-underhallning","8":"tag-entertainment","9":"tag-europa","10":"tag-hollywood","11":"tag-kultur-naringsliv","12":"tag-se","13":"tag-svenska","14":"tag-sverige","15":"tag-sweden","16":"tag-swedish","17":"tag-underhallning"},"share_on_mastodon":{"url":"","error":""},"_links":{"self":[{"href":"https:\/\/www.europesays.com\/se\/wp-json\/wp\/v2\/posts\/47493","targetHints":{"allow":["GET"]}}],"collection":[{"href":"https:\/\/www.europesays.com\/se\/wp-json\/wp\/v2\/posts"}],"about":[{"href":"https:\/\/www.europesays.com\/se\/wp-json\/wp\/v2\/types\/post"}],"author":[{"embeddable":true,"href":"https:\/\/www.europesays.com\/se\/wp-json\/wp\/v2\/users\/2"}],"replies":[{"embeddable":true,"href":"https:\/\/www.europesays.com\/se\/wp-json\/wp\/v2\/comments?post=47493"}],"version-history":[{"count":0,"href":"https:\/\/www.europesays.com\/se\/wp-json\/wp\/v2\/posts\/47493\/revisions"}],"wp:featuredmedia":[{"embeddable":true,"href":"https:\/\/www.europesays.com\/se\/wp-json\/wp\/v2\/media\/47494"}],"wp:attachment":[{"href":"https:\/\/www.europesays.com\/se\/wp-json\/wp\/v2\/media?parent=47493"}],"wp:term":[{"taxonomy":"category","embeddable":true,"href":"https:\/\/www.europesays.com\/se\/wp-json\/wp\/v2\/categories?post=47493"},{"taxonomy":"post_tag","embeddable":true,"href":"https:\/\/www.europesays.com\/se\/wp-json\/wp\/v2\/tags?post=47493"}],"curies":[{"name":"wp","href":"https:\/\/api.w.org\/{rel}","templated":true}]}}