{"id":47943,"date":"2025-10-05T17:44:15","date_gmt":"2025-10-05T17:44:15","guid":{"rendered":"https:\/\/www.europesays.com\/se\/47943\/"},"modified":"2025-10-05T17:44:15","modified_gmt":"2025-10-05T17:44:15","slug":"jagade-pedofiler-misstanks-sjalv-for-sexbrott-mot-barn","status":"publish","type":"post","link":"https:\/\/www.europesays.com\/se\/47943\/","title":{"rendered":"Jagade pedofiler \u2013 misst\u00e4nks sj\u00e4lv f\u00f6r sexbrott mot barn"},"content":{"rendered":"<p>Publicerad 5 okt 2025 kl 19.17<\/p>\n<p>\u201dJag vill organisera mig f\u00f6r att f\u00e5 bort dom h\u00e4r j\u00e4vla \u00e4ckliga pedofilerna fr\u00e5n gatan\u201d.<\/p>\n<p>S\u00e5 skrev den unga mannen i sin ans\u00f6kan till medborgargardet \u201dPedo Hunters Sweden\u201d.<\/p>\n<p>Nu misst\u00e4nks han sj\u00e4lv ha smygfilmat h\u00f6gstadieflickor som duschar.<\/p>\n<p><img   alt=\"\"\/><\/p>\n<p>Polisen tror att flickorna smygfilmades genom d\u00f6rrens f\u00f6nster.<\/p>\n<p>Foto: Polisen<\/p>\n<p>\u00d6ppna bild i helsk\u00e4rm<img loading=\"lazy\"   alt=\"\"\/><\/p>\n<p>Tv\u00e5 av m\u00e4nnen.<\/p>\n<p>\u00d6ppna bild i helsk\u00e4rm<\/p>\n<p>Polisen kallar \u201dPedo Hunters Sweden\u201d, PHS, f\u00f6r \u201den l\u00f6st sammansatt gruppering som p\u00e5 olika s\u00e4tt exponerar p\u00e5st\u00e5dda pedofiler\u201d.<\/p>\n<p>De senaste \u00e5ren har personer som visar tillh\u00f6righet till gruppen legat bakom flera grova v\u00e5ldsd\u00e5d d\u00e4r offren tror att de ska f\u00e5 tr\u00e4ffa unga personer de chattat med p\u00e5 internet.<\/p>\n<p>I st\u00e4llet blir de misshandlade och filmade.<\/p>\n<p>I veckan \u00e5talades en grupp unga m\u00e4n som enligt polisens utredning dragit i g\u00e5ng en sektion inom r\u00f6relsen med bas i \u00d6rnsk\u00f6ldsvik.\u00a0<\/p>\n<p>Flera av m\u00e4nnen h\u00f6rde i maj f\u00f6rra \u00e5ret av sig till PHS centrala konto p\u00e5 Instagram och meddelade sitt intresse.<\/p>\n<p><img loading=\"lazy\"   alt=\"\"\/><\/p>\n<p>Fyra av de misst\u00e4nkta m\u00e4nnen.<\/p>\n<p>Foto: Polisen<\/p>\n<p>\u00d6ppna bild i helsk\u00e4rm<\/p>\n<p>N\u00e5gra av dem \u00e4r v\u00e4lk\u00e4nda av polisen som engagerade i hockeylaget Modos supportergrupperingar, vilket en av dem sj\u00e4lv betonar i sin ans\u00f6kan till PHS.<\/p>\n<p>\u201dHar erfarenhet genom uppstyrda supporter fighter\u201d, skriver en man i 20-\u00e5rs\u00e5ldern och menar att han vill \u201df\u00e5 bort dom h\u00e4r j\u00e4vla \u00e4ckliga pedofilerna fr\u00e5n gatan\u201d.<\/p>\n<p>Bara dagar efter ans\u00f6kan misshandlas en man grovt i centrala \u00d6rnsk\u00f6ldsvik, bland annat med knogj\u00e4rn.<\/p>\n<p>Polisen k\u00e4nde igen mannen<\/p>\n<p>Klipp som spreds p\u00e5 internet visar hur mannen leds till en avskild plats d\u00e4r han blir slagen och sparkad av de maskerade m\u00e4nnen.<\/p>\n<p>\u2013 Kolla, lyssna p\u00e5 mig, s\u00e4ger en person som syns p\u00e5 filmen innan han sl\u00e5r mannen med flera slag i ansiktet.\u00a0<\/p>\n<p>Med hj\u00e4lp av en supporterpolis kunde mannen, enligt polisen, identifieras som en av m\u00e4nnen i klippet.<\/p>\n<p>I utredningen skriver polisen att mannen i 20-\u00e5rs\u00e5ldern \u201dframst\u00e5r som den mest drivande personen n\u00e4r det g\u00e4ller kontakten med PHS centralt\u201d.<\/p>\n<p>Mannen har enligt polisen bland annat varit medlem i en central chattgrupp kopplad till PHS d\u00e4r publiceringar samordnats.<\/p>\n<p>I polisens utredning har man hittat tecken p\u00e5 flera andra f\u00f6rs\u00f6k att lura till sig offer, men att personerna d\u00e5 inte dykt upp.<\/p>\n<p>Samtidigt misst\u00e4nks han f\u00f6r sexbrott riktade mot barn. I t\u00f6mningen av hans mobil hittade polisen flera videor p\u00e5 unga flickor som \u00e4r nakna i ett omkl\u00e4dningsrum.<\/p>\n<p>Filmen \u00e4r inspelad samtidigt som mannen var p\u00e5 plats p\u00e5 skolan i sitt yrke. Polisen tror att filmerna spelats in helt utan flickornas vetskap genom ett f\u00f6nster i d\u00f6rren mellan omkl\u00e4dningsrummet och duschrummet.<\/p>\n<p>\u2013 Det \u00e4r bullshit, s\u00e4ger han sj\u00e4lv i f\u00f6rh\u00f6r \u2013 och menar att han f\u00e5tt filmen skickad till sig.<\/p>\n<p>Polisen konstaterar dock att filmen \u00e4r inspelad med samma sorts telefon som mannen har, och ett vittne pekar p\u00e5 att han var p\u00e5 plats i omkl\u00e4dningsrummet.<\/p>\n<p>Fem m\u00e4n \u00e5talas nu misst\u00e4nkta f\u00f6r olika brott med koppling till PHS. Tv\u00e5 av m\u00e4nnen \u00e5talas ocks\u00e5 f\u00f6r grov misshandel efter ett br\u00e5k p\u00e5 en fest.<\/p>\n<p>DE \u00c5TALADE<\/p>\n<p><strong>Man i 20-\u00e5rs\u00e5ldern.<\/strong><\/p>\n<p>\u00c5talas misst\u00e4nkt f\u00f6r tv\u00e5 fall av grov misshandel, grovt olaga integritetsintr\u00e5ng, misshandel, grov misshandel, barnpornografibrott, kr\u00e4nkande fotografering och sabotage mot bl\u00e5ljusverksamhet. Har enligt polisen haft en ledande roll i kontakten med Pedo Hunters Sweden.<\/p>\n<p><strong>Man i 25-\u00e5rs\u00e5ldern.<\/strong><\/p>\n<p>Misst\u00e4nks f\u00f6r grov misshandel, grovt olaga integritetsintr\u00e5ng, sabotage mot bl\u00e5ljusverksamhet och f\u00f6rs\u00f6k till grov misshandel. Har enligt polisen deltagit i planeringen av \u00f6verfall.<\/p>\n<p><strong>Man i 30-\u00e5rs\u00e5ldern.<\/strong><\/p>\n<p>\u00c5talas f\u00f6r grov misshandel kopplat till PHS-misshandeln, grovt olaga integritetsintr\u00e5ng och sabotage mot bl\u00e5ljusverksamhet.<\/p>\n<p><strong>Man i 20-\u00e5rs\u00e5ldern.<\/strong><\/p>\n<p>Misst\u00e4nks f\u00f6r grov misshandel och grovt olaga integritetsintr\u00e5ng i samband med det PHS-kopplade \u00f6verfallet i \u00d6rnsk\u00f6ldsvik samt grov misshandel efter h\u00e4ndelsen p\u00e5 festen.<\/p>\n<p><strong>Pojke under 18.<\/strong><\/p>\n<p>\u00c5talas f\u00f6r grovt olaga integritetsintr\u00e5ng och skadeg\u00f6relse, efter att ha deltagit i spridning av filmat v\u00e5ld och klottrat ordet \u201dpedofil\u201d p\u00e5 en bil.<\/p>\n<p>Misst\u00e4nks ha varit delaktig i hanteringen och spridningen av misshandelsfilmerna.<\/p>\n<p>Visa mer<\/p>\n<p>Mannen i 20-\u00e5rs\u00e5ldern \u00e5talas bland annat misst\u00e4nkt f\u00f6r barnpornografibrott, kr\u00e4nkande fotografering och flera fall av grov misshandel.<\/p>\n<p>M\u00e4nnen erk\u00e4nner bara bl\u00e5ljussabotaget efter att de slagit s\u00f6nder en polisbil men nekar till den resterande brottsligheten. Mannen i 20-\u00e5rs\u00e5ldern erk\u00e4nner dock att han var p\u00e5 plats vid misshandeln och att han utdelade ett par slag.<\/p>\n","protected":false},"excerpt":{"rendered":"Publicerad 5 okt 2025 kl 19.17 \u201dJag vill organisera mig f\u00f6r att f\u00e5 bort dom h\u00e4r j\u00e4vla \u00e4ckliga&hellip;\n","protected":false},"author":2,"featured_media":47944,"comment_status":"","ping_status":"","sticky":false,"template":"","format":"standard","meta":{"footnotes":""},"categories":[5],"tags":[22,23,26,27,17,21,24,25,3365,28,29,15,16,18,34,154,31,33,32,30,19,1496,136,20],"class_list":{"0":"post-47943","1":"post","2":"type-post","3":"status-publish","4":"format-standard","5":"has-post-thumbnail","7":"category-rubriker","8":"tag-breaking-news","9":"tag-breakingnews","10":"tag-featured-news","11":"tag-featurednews","12":"tag-headlines","13":"tag-huvudnyheter","14":"tag-latest-news","15":"tag-latestnews","16":"tag-location-ornskoldsvik","17":"tag-main-news","18":"tag-mainnews","19":"tag-news","20":"tag-nyheter","21":"tag-rubriker","22":"tag-se","23":"tag-sections-sverige","24":"tag-svenska","25":"tag-sverige","26":"tag-sweden","27":"tag-swedish","28":"tag-top-stories","29":"tag-topic-misshandel-overfall","30":"tag-topic-rattegangar-domar","31":"tag-topstories"},"share_on_mastodon":{"url":"","error":""},"_links":{"self":[{"href":"https:\/\/www.europesays.com\/se\/wp-json\/wp\/v2\/posts\/47943","targetHints":{"allow":["GET"]}}],"collection":[{"href":"https:\/\/www.europesays.com\/se\/wp-json\/wp\/v2\/posts"}],"about":[{"href":"https:\/\/www.europesays.com\/se\/wp-json\/wp\/v2\/types\/post"}],"author":[{"embeddable":true,"href":"https:\/\/www.europesays.com\/se\/wp-json\/wp\/v2\/users\/2"}],"replies":[{"embeddable":true,"href":"https:\/\/www.europesays.com\/se\/wp-json\/wp\/v2\/comments?post=47943"}],"version-history":[{"count":0,"href":"https:\/\/www.europesays.com\/se\/wp-json\/wp\/v2\/posts\/47943\/revisions"}],"wp:featuredmedia":[{"embeddable":true,"href":"https:\/\/www.europesays.com\/se\/wp-json\/wp\/v2\/media\/47944"}],"wp:attachment":[{"href":"https:\/\/www.europesays.com\/se\/wp-json\/wp\/v2\/media?parent=47943"}],"wp:term":[{"taxonomy":"category","embeddable":true,"href":"https:\/\/www.europesays.com\/se\/wp-json\/wp\/v2\/categories?post=47943"},{"taxonomy":"post_tag","embeddable":true,"href":"https:\/\/www.europesays.com\/se\/wp-json\/wp\/v2\/tags?post=47943"}],"curies":[{"name":"wp","href":"https:\/\/api.w.org\/{rel}","templated":true}]}}