{"id":48020,"date":"2025-10-05T20:31:10","date_gmt":"2025-10-05T20:31:10","guid":{"rendered":"https:\/\/www.europesays.com\/se\/48020\/"},"modified":"2025-10-05T20:31:10","modified_gmt":"2025-10-05T20:31:10","slug":"udda-scener-mellan-brondby-och-fredericia-i-danmark-kastar-in-nallar-fotboll","status":"publish","type":"post","link":"https:\/\/www.europesays.com\/se\/48020\/","title":{"rendered":"Udda scener mellan Br\u00f6ndby och Fredericia i Danmark \u2013 kastar in nallar | Fotboll"},"content":{"rendered":"<p>Publicerad 5 okt 2025 kl 21.42Uppdaterad kl 22.00<\/p>\n<p>Nallebj\u00f6rnar p\u00e5 planen!<\/p>\n<p>Ja, ni l\u00e4ste r\u00e4tt.<\/p>\n<p>Det var precis det som regnade in n\u00e4r Br\u00f6ndby st\u00e4lldes mot Fredericia.<\/p>\n<p><img loading=\"lazy\"   alt=\"\"\/><\/p>\n<p>Patrick Pentz tvingas sparka undan nallarna.<\/p>\n<p>Foto: TV2<\/p>\n<p>\u00d6ppna bild i helsk\u00e4rm<img loading=\"lazy\"   alt=\"\"\/><\/p>\n<p>Banderollen fr\u00e5n supportrarna, med ett \u201dgodnatt\u201d-budskap.<\/p>\n<p>Foto: X<\/p>\n<p>\u00d6ppna bild i helsk\u00e4rm<\/p>\n<p>Det var n\u00e4r klockan n\u00e4rmade sig 27 minuter som Br\u00f6ndbys m\u00e5lvakt fick g\u00f6ra annat \u00e4n att f\u00f6rs\u00f6ka stoppa bollar.<\/p>\n<p>Mer exakt tvingades Patrick Pentz sparka och kasta undan ett g\u00e4ng nallebj\u00f6rnar fr\u00e5n planen.<\/p>\n<p>Anledningen till att Br\u00f6ndbysupportrarna kastade in nallebj\u00f6rnarna var att s\u00f6ndagens match i den danska h\u00f6gstaligan startade f\u00f6rst klockan 20.00. N\u00e5got som supportrarna kritiserat.<\/p>\n<p>Orden: \u201dGodnatt\u201d<\/p>\n<p>Tidigare har Br\u00f6ndbys supportrar haft en banderoll med texten; \u201dPappa, n\u00e4r spelar Br\u00f6ndby medan jag \u00e4r vaken?\u201d.<\/p>\n<p>I m\u00f6tet med Fredericia under s\u00f6ndagen protesterade de allts\u00e5 med ett nallebj\u00f6rnsregn och en banderoll med texten: \u201dGodnatt, till Br\u00f6ndbys yngsta fans\u201d.<\/p>\n<p>Anledningen till beslutet att ha 20.00-avspark p\u00e5 s\u00f6ndagar \u00e4r ett ligabeslut, med h\u00e4nvisning till att spela s\u00e5 sent som m\u00f6jligt innan landslagsuppeh\u00e5llet, enligt <a href=\"https:\/\/sport.tv2.dk\/live\/fodbold\/2025-10-05-superliga-fredericia-broendby\" rel=\"nofollow noopener\" target=\"_blank\">TV2<\/a>.<\/p>\n<p>Matchen slutade 2-0 till Br\u00f6ndby.<\/p>\n","protected":false},"excerpt":{"rendered":"Publicerad 5 okt 2025 kl 21.42Uppdaterad kl 22.00 Nallebj\u00f6rnar p\u00e5 planen! Ja, ni l\u00e4ste r\u00e4tt. Det var precis&hellip;\n","protected":false},"author":2,"featured_media":48021,"comment_status":"","ping_status":"","sticky":false,"template":"","format":"standard","meta":{"footnotes":""},"categories":[5],"tags":[22,23,26,27,17,21,24,25,28,29,15,16,4787,18,34,129,31,33,32,30,19,20],"class_list":{"0":"post-48020","1":"post","2":"type-post","3":"status-publish","4":"format-standard","5":"has-post-thumbnail","7":"category-rubriker","8":"tag-breaking-news","9":"tag-breakingnews","10":"tag-featured-news","11":"tag-featurednews","12":"tag-headlines","13":"tag-huvudnyheter","14":"tag-latest-news","15":"tag-latestnews","16":"tag-main-news","17":"tag-mainnews","18":"tag-news","19":"tag-nyheter","20":"tag-organization-brondby-if","21":"tag-rubriker","22":"tag-se","23":"tag-sections-fotboll","24":"tag-svenska","25":"tag-sverige","26":"tag-sweden","27":"tag-swedish","28":"tag-top-stories","29":"tag-topstories"},"share_on_mastodon":{"url":"","error":""},"_links":{"self":[{"href":"https:\/\/www.europesays.com\/se\/wp-json\/wp\/v2\/posts\/48020","targetHints":{"allow":["GET"]}}],"collection":[{"href":"https:\/\/www.europesays.com\/se\/wp-json\/wp\/v2\/posts"}],"about":[{"href":"https:\/\/www.europesays.com\/se\/wp-json\/wp\/v2\/types\/post"}],"author":[{"embeddable":true,"href":"https:\/\/www.europesays.com\/se\/wp-json\/wp\/v2\/users\/2"}],"replies":[{"embeddable":true,"href":"https:\/\/www.europesays.com\/se\/wp-json\/wp\/v2\/comments?post=48020"}],"version-history":[{"count":0,"href":"https:\/\/www.europesays.com\/se\/wp-json\/wp\/v2\/posts\/48020\/revisions"}],"wp:featuredmedia":[{"embeddable":true,"href":"https:\/\/www.europesays.com\/se\/wp-json\/wp\/v2\/media\/48021"}],"wp:attachment":[{"href":"https:\/\/www.europesays.com\/se\/wp-json\/wp\/v2\/media?parent=48020"}],"wp:term":[{"taxonomy":"category","embeddable":true,"href":"https:\/\/www.europesays.com\/se\/wp-json\/wp\/v2\/categories?post=48020"},{"taxonomy":"post_tag","embeddable":true,"href":"https:\/\/www.europesays.com\/se\/wp-json\/wp\/v2\/tags?post=48020"}],"curies":[{"name":"wp","href":"https:\/\/api.w.org\/{rel}","templated":true}]}}