{"id":48108,"date":"2025-10-06T03:16:13","date_gmt":"2025-10-06T03:16:13","guid":{"rendered":"https:\/\/www.europesays.com\/se\/48108\/"},"modified":"2025-10-06T03:16:13","modified_gmt":"2025-10-06T03:16:13","slug":"sa-skulle-jag-investera-5-000-i-dag","status":"publish","type":"post","link":"https:\/\/www.europesays.com\/se\/48108\/","title":{"rendered":"S\u00e5 skulle jag investera 5 000 i dag"},"content":{"rendered":"<p>Publicerad 6 okt 2025 kl 05.00<\/p>\n<p>PremiumVill du komma i g\u00e5ng med ett sparande p\u00e5 b\u00f6rsen, men \u00e4r os\u00e4ker p\u00e5 var du ska b\u00f6rja?<\/p>\n<p>H\u00e4r avsl\u00f6jar aktieproffsen hur de skulle investera 5\u00a0000 kronor i dag.<\/p>\n<p> Enkla tipsen f\u00f6r att komma i g\u00e5ng.<\/p>\n<p> Missarna du ska undvika.<\/p>\n<p> Multimiljon\u00e4ren om sin s\u00e4msta aktieaff\u00e4r.<\/p>\n<p> Privatinvesteraren: Jag har slagit index 17 \u00e5r p\u00e5 raken.<\/p>\n<p><img   alt=\"\"\/><\/p>\n<p>Vill du b\u00f6rja spara i aktier och fonder? H\u00e4r ber\u00e4ttar fyra erfarna profiler hur de skulle investera 5 000 kronor.<\/p>\n<p>Foto: Gorodenkoff \/ Shutterstock<\/p>\n<p>\u00d6ppna bild i helsk\u00e4rm<\/p>\n","protected":false},"excerpt":{"rendered":"Publicerad 6 okt 2025 kl 05.00 PremiumVill du komma i g\u00e5ng med ett sparande p\u00e5 b\u00f6rsen, men \u00e4r&hellip;\n","protected":false},"author":2,"featured_media":48109,"comment_status":"","ping_status":"","sticky":false,"template":"","format":"standard","meta":{"footnotes":""},"categories":[65],"tags":[72,70,71,667,4798,4797,103,34,607,31,33,32,30,3985],"class_list":{"0":"post-48108","1":"post","2":"type-post","3":"status-publish","4":"format-standard","5":"has-post-thumbnail","7":"category-ekonomi","8":"tag-business","9":"tag-economy","10":"tag-ekonomi","11":"tag-location-linkoping","12":"tag-organization-investor","13":"tag-person-joakim-bornold","14":"tag-premium","15":"tag-se","16":"tag-sections-konsument","17":"tag-svenska","18":"tag-sverige","19":"tag-sweden","20":"tag-swedish","21":"tag-topic-aktietips"},"share_on_mastodon":{"url":"","error":""},"_links":{"self":[{"href":"https:\/\/www.europesays.com\/se\/wp-json\/wp\/v2\/posts\/48108","targetHints":{"allow":["GET"]}}],"collection":[{"href":"https:\/\/www.europesays.com\/se\/wp-json\/wp\/v2\/posts"}],"about":[{"href":"https:\/\/www.europesays.com\/se\/wp-json\/wp\/v2\/types\/post"}],"author":[{"embeddable":true,"href":"https:\/\/www.europesays.com\/se\/wp-json\/wp\/v2\/users\/2"}],"replies":[{"embeddable":true,"href":"https:\/\/www.europesays.com\/se\/wp-json\/wp\/v2\/comments?post=48108"}],"version-history":[{"count":0,"href":"https:\/\/www.europesays.com\/se\/wp-json\/wp\/v2\/posts\/48108\/revisions"}],"wp:featuredmedia":[{"embeddable":true,"href":"https:\/\/www.europesays.com\/se\/wp-json\/wp\/v2\/media\/48109"}],"wp:attachment":[{"href":"https:\/\/www.europesays.com\/se\/wp-json\/wp\/v2\/media?parent=48108"}],"wp:term":[{"taxonomy":"category","embeddable":true,"href":"https:\/\/www.europesays.com\/se\/wp-json\/wp\/v2\/categories?post=48108"},{"taxonomy":"post_tag","embeddable":true,"href":"https:\/\/www.europesays.com\/se\/wp-json\/wp\/v2\/tags?post=48108"}],"curies":[{"name":"wp","href":"https:\/\/api.w.org\/{rel}","templated":true}]}}