{"id":48206,"date":"2025-10-06T06:01:08","date_gmt":"2025-10-06T06:01:08","guid":{"rendered":"https:\/\/www.europesays.com\/se\/48206\/"},"modified":"2025-10-06T06:01:08","modified_gmt":"2025-10-06T06:01:08","slug":"omar-bravo-gripen-misstankt-for-sexualbrott-mot-barn-fotboll","status":"publish","type":"post","link":"https:\/\/www.europesays.com\/se\/48206\/","title":{"rendered":"Omar Bravo gripen misst\u00e4nkt f\u00f6r sexualbrott mot barn | Fotboll"},"content":{"rendered":"<p>Publicerad 6 okt 2025 kl 07.46<\/p>\n<p>Mexikansk polis har gripit Omar Bravo, rapporterar AP.\u00a0<\/p>\n<p>Den tidigare landslagsstj\u00e4rnan misst\u00e4nks f\u00f6r sexualbrott mot barn.\u00a0<\/p>\n<p><img   alt=\"\"\/><\/p>\n<p>Omar Bravo.<\/p>\n<p>Foto: CHRISTIAN PALMA \/ AP TT NYHETSBYR\u00c5N<\/p>\n<p>\u00d6ppna bild i helsk\u00e4rm<img loading=\"lazy\"   alt=\"\"\/> <\/p>\n<p>Foto: ALEX CRUZALEX CRUZ \/ EPA \/ SCANPIX \/ EPA TT NYHETSBYR\u00c5N<\/p>\n<p>\u00d6ppna bild i helsk\u00e4rm<\/p>\n<p>Omar Bravo, 45, gjorde 66 landskamper f\u00f6r det mexikanska fotbollslandslaget och spelade b\u00e5de OS och VM. Internationellt \u00e4r han fr\u00e4mst k\u00e4nd f\u00f6r sina tv\u00e5 matchvinnande m\u00e5l mot Iran i VM-premi\u00e4ren 2006.\u00a0<\/p>\n<p>Anfallaren, som spottade in m\u00e5l f\u00f6r mexikanska klubblaget Chivas, avslutade karri\u00e4ren 2017.\u00a0<\/p>\n<p>Nu har Bravo gripits i omr\u00e5det Zapopan i Guadalajara, Mexiko. Det rapporterar <a href=\"https:\/\/edition.cnn.com\/2025\/10\/05\/americas\/mexico-soccer-star-omar-bravo-arrested-intl-latam\" rel=\"nofollow noopener\" target=\"_blank\">AP.\u00a0<\/a><\/p>\n<p>Bravo misst\u00e4nks f\u00f6r sexualbrott mot barn efter misst\u00e4nkta \u00f6vergrepp p\u00e5 en ton\u00e5rsflicka.\u00a0<\/p>\n","protected":false},"excerpt":{"rendered":"Publicerad 6 okt 2025 kl 07.46 Mexikansk polis har gripit Omar Bravo, rapporterar AP.\u00a0 Den tidigare landslagsstj\u00e4rnan misst\u00e4nks&hellip;\n","protected":false},"author":2,"featured_media":48207,"comment_status":"","ping_status":"","sticky":false,"template":"","format":"standard","meta":{"footnotes":""},"categories":[5],"tags":[22,23,26,27,17,21,24,25,28,29,15,16,18,34,129,31,33,32,30,19,20],"class_list":{"0":"post-48206","1":"post","2":"type-post","3":"status-publish","4":"format-standard","5":"has-post-thumbnail","7":"category-rubriker","8":"tag-breaking-news","9":"tag-breakingnews","10":"tag-featured-news","11":"tag-featurednews","12":"tag-headlines","13":"tag-huvudnyheter","14":"tag-latest-news","15":"tag-latestnews","16":"tag-main-news","17":"tag-mainnews","18":"tag-news","19":"tag-nyheter","20":"tag-rubriker","21":"tag-se","22":"tag-sections-fotboll","23":"tag-svenska","24":"tag-sverige","25":"tag-sweden","26":"tag-swedish","27":"tag-top-stories","28":"tag-topstories"},"share_on_mastodon":{"url":"","error":""},"_links":{"self":[{"href":"https:\/\/www.europesays.com\/se\/wp-json\/wp\/v2\/posts\/48206","targetHints":{"allow":["GET"]}}],"collection":[{"href":"https:\/\/www.europesays.com\/se\/wp-json\/wp\/v2\/posts"}],"about":[{"href":"https:\/\/www.europesays.com\/se\/wp-json\/wp\/v2\/types\/post"}],"author":[{"embeddable":true,"href":"https:\/\/www.europesays.com\/se\/wp-json\/wp\/v2\/users\/2"}],"replies":[{"embeddable":true,"href":"https:\/\/www.europesays.com\/se\/wp-json\/wp\/v2\/comments?post=48206"}],"version-history":[{"count":0,"href":"https:\/\/www.europesays.com\/se\/wp-json\/wp\/v2\/posts\/48206\/revisions"}],"wp:featuredmedia":[{"embeddable":true,"href":"https:\/\/www.europesays.com\/se\/wp-json\/wp\/v2\/media\/48207"}],"wp:attachment":[{"href":"https:\/\/www.europesays.com\/se\/wp-json\/wp\/v2\/media?parent=48206"}],"wp:term":[{"taxonomy":"category","embeddable":true,"href":"https:\/\/www.europesays.com\/se\/wp-json\/wp\/v2\/categories?post=48206"},{"taxonomy":"post_tag","embeddable":true,"href":"https:\/\/www.europesays.com\/se\/wp-json\/wp\/v2\/tags?post=48206"}],"curies":[{"name":"wp","href":"https:\/\/api.w.org\/{rel}","templated":true}]}}