{"id":48562,"date":"2025-10-06T12:09:11","date_gmt":"2025-10-06T12:09:11","guid":{"rendered":"https:\/\/www.europesays.com\/se\/48562\/"},"modified":"2025-10-06T12:09:11","modified_gmt":"2025-10-06T12:09:11","slug":"forfattaren-jilly-cooper-dod-alskad-for-tantsnusk","status":"publish","type":"post","link":"https:\/\/www.europesays.com\/se\/48562\/","title":{"rendered":"F\u00f6rfattaren Jilly Cooper d\u00f6d \u2013 \u00e4lskad f\u00f6r \u201dtantsnusk\u201d"},"content":{"rendered":"<p>Den brittiska f\u00f6rfattaren Jilly Cooper har d\u00f6tt vid 88 \u00e5rs \u00e5lder, skriver flera medier.<\/p>\n<p>Cooper, som avled efter en fallolycka, skrev b\u00e4sts\u00e4ljande b\u00f6cker om skandaler och sex inom \u00f6verklassen.<\/p>\n<p>Hennes roman \u201dRivalerna\u201d blev nyligen tv-serie och finns p\u00e5 Disney plus. Hon hade \u00e4ven framg\u00e5ngar i Sverige med b\u00f6cker som \u201dRyttare\u201d och \u201dMannen som gjorde de \u00e4kta m\u00e4nnen svartsjuka\u201d. <\/p>\n<p>Under sin storhetstid avf\u00e4rdades ofta genren som \u201dtantsnusk\u201d, skriver TT.<\/p>\n<p>Omni \u00e4r politiskt obundna och oberoende. Vi str\u00e4var efter att ge fler perspektiv p\u00e5 nyheterna. Har du fr\u00e5gor eller synpunkter kring v\u00e5r rapportering? <a href=\"https:\/\/omni.se\/forfattaren-jilly-cooper-dod-alskad-for-tantsnusk\/a\/mailto:redaktion@omni.se\" class=\"ArticleActions_contactLink__W2F1M\" rel=\"nofollow noopener\" target=\"_blank\">Kontakta redaktionen<\/a><\/p>\n","protected":false},"excerpt":{"rendered":"Den brittiska f\u00f6rfattaren Jilly Cooper har d\u00f6tt vid 88 \u00e5rs \u00e5lder, skriver flera medier. Cooper, som avled efter&hellip;\n","protected":false},"author":2,"featured_media":48563,"comment_status":"","ping_status":"","sticky":false,"template":"","format":"standard","meta":{"footnotes":""},"categories":[67],"tags":[104,4848,1082,34,31,33,32,30,105],"class_list":{"0":"post-48562","1":"post","2":"type-post","3":"status-publish","4":"format-standard","5":"has-post-thumbnail","7":"category-underhallning","8":"tag-entertainment","9":"tag-jilly-cooper","10":"tag-litteratur","11":"tag-se","12":"tag-svenska","13":"tag-sverige","14":"tag-sweden","15":"tag-swedish","16":"tag-underhallning"},"share_on_mastodon":{"url":"","error":""},"_links":{"self":[{"href":"https:\/\/www.europesays.com\/se\/wp-json\/wp\/v2\/posts\/48562","targetHints":{"allow":["GET"]}}],"collection":[{"href":"https:\/\/www.europesays.com\/se\/wp-json\/wp\/v2\/posts"}],"about":[{"href":"https:\/\/www.europesays.com\/se\/wp-json\/wp\/v2\/types\/post"}],"author":[{"embeddable":true,"href":"https:\/\/www.europesays.com\/se\/wp-json\/wp\/v2\/users\/2"}],"replies":[{"embeddable":true,"href":"https:\/\/www.europesays.com\/se\/wp-json\/wp\/v2\/comments?post=48562"}],"version-history":[{"count":0,"href":"https:\/\/www.europesays.com\/se\/wp-json\/wp\/v2\/posts\/48562\/revisions"}],"wp:featuredmedia":[{"embeddable":true,"href":"https:\/\/www.europesays.com\/se\/wp-json\/wp\/v2\/media\/48563"}],"wp:attachment":[{"href":"https:\/\/www.europesays.com\/se\/wp-json\/wp\/v2\/media?parent=48562"}],"wp:term":[{"taxonomy":"category","embeddable":true,"href":"https:\/\/www.europesays.com\/se\/wp-json\/wp\/v2\/categories?post=48562"},{"taxonomy":"post_tag","embeddable":true,"href":"https:\/\/www.europesays.com\/se\/wp-json\/wp\/v2\/tags?post=48562"}],"curies":[{"name":"wp","href":"https:\/\/api.w.org\/{rel}","templated":true}]}}