{"id":48912,"date":"2025-10-06T19:42:08","date_gmt":"2025-10-06T19:42:08","guid":{"rendered":"https:\/\/www.europesays.com\/se\/48912\/"},"modified":"2025-10-06T19:42:08","modified_gmt":"2025-10-06T19:42:08","slug":"fenomenal-succe-for-bosch-spinoffen-klar-for-sasong-2","status":"publish","type":"post","link":"https:\/\/www.europesays.com\/se\/48912\/","title":{"rendered":"Fenomenal succ\u00e9 f\u00f6r \u201cBosch\u201d-spinoffen \u2013 klar f\u00f6r s\u00e4song 2"},"content":{"rendered":"<p>Amazon Prime Video har beslutat sig f\u00f6r att f\u00f6rnya \u201c<a href=\"https:\/\/www.moviezine.se\/nyheter\/nu-pa-prime-video-solig-kriminalare-fyller-tomrummet-efter-bosch\" rel=\"nofollow noopener\" target=\"_blank\">Ballard<\/a>\u201d, spinoffen till \u201c<a href=\"https:\/\/www.moviezine.se\/series\/bosch\" rel=\"nofollow noopener\" target=\"_blank\">Bosch<\/a>\u201d, f\u00f6r en andra s\u00e4song, rapporterar <a href=\"https:\/\/variety.com\/2025\/tv\/news\/ballard-renewed-season-2-amazon-1236541226\/\" rel=\"nofollow noopener\" target=\"_blank\">Variety<\/a>.<\/p>\n<p>Serien f\u00f6ljer detektiven Ren\u00e9e Ballard (spelad av Maggie Q), en karakt\u00e4r skapad av f\u00f6rfattaren <strong>Michael Connelly<\/strong>. I f\u00f6rsta s\u00e4songen arbetar Ballard p\u00e5 nattpasset vid Hollywoodstationen innan hon g\u00e5r vidare till polisens enhet f\u00f6r kalla fall.<\/p>\n<p>Ut\u00f6ver Maggie Q medverkar bland andra Courtney Taylor, John Carroll Lynch, Michael Mosley, Rebecca Field, och Victoria Moroles. Titus Welliver dyker ocks\u00e5 upp som den pensionerade detektiven Harry Bosch.<\/p>\n<p>\u2013 Publikens respons p\u00e5 \u201dBallard\u201d har varit fenomenal och har ber\u00f6rt m\u00e4nniskor v\u00e4rlden \u00f6ver tack vare dess gripande ber\u00e4ttande och enast\u00e5ende prestationer av Maggie Q och hela ensemblen. Vi kan knappt v\u00e4nta p\u00e5 att fansen ska f\u00e5 uppleva allt som s\u00e4song tv\u00e5 har att erbjuda, s\u00e4ger Lauren Lancaster vid Amazon MGM Studios.<\/p>\n<p>\u2013 Det \u00e4r ett stort privilegium att f\u00e5 se mina karakt\u00e4rer v\u00e4ckas till liv p\u00e5 sk\u00e4rmen s\u00e4song efter s\u00e4song, och det \u00e4r tack vare fansen som forts\u00e4tter att titta som vi kan g\u00f6ra det, s\u00e4ger Michael Connelly.<\/p>\n<p>\u2013 Jag \u00e4r s\u00e4rskilt tacksam mot Maggie Q f\u00f6r att hon gestaltar Renee s\u00e5 perfekt och hedrar karakt\u00e4ren n\u00e4r vi tar henne in i n\u00e4sta fas av hennes resa.<\/p>\n<p>Den f\u00f6rsta s\u00e4songen av \u201dBallard\u201d hade premi\u00e4r i somras. N\u00e4r s\u00e4song tv\u00e5 av \u201cBallard\u201d f\u00e5r premi\u00e4r \u00e5terst\u00e5r att se.<\/p>\n<p><img loading=\"lazy\" decoding=\"async\" alt=\"YouTube video\" width=\"480\" height=\"360\" data-pin-nopin=\"true\" nopin=\"nopin\" class=\"perfmatters-lazy\" src=\"https:\/\/www.europesays.com\/se\/wp-content\/uploads\/2025\/10\/1759779728_130_hqdefault.jpg\"\/><\/p>\n<p>L\u00e4s ocks\u00e5: <a href=\"https:\/\/www.moviezine.se\/nyheter\/tv-redaktoren-tipsar-veckans-3-basta-nya-tv-serier-som-raddar-helgen\" title=\"Tv-redakt\u00f6ren tipsar: Veckans 3 b\u00e4sta nya tv-serier \u2013 som r\u00e4ddar helgen!\" class=\"underline-custom !font-montserrat !font-bold !underline-offset-4 !decoration-4 !decoration-moviezine-green !text-md\" rel=\"nofollow noopener\" target=\"_blank\">Tv-redakt\u00f6ren tipsar: Veckans 3 b\u00e4sta nya tv-serier \u2013 som r\u00e4ddar helgen!<\/a><\/p>\n<p>L\u00e4s ocks\u00e5: <a href=\"https:\/\/www.moviezine.se\/nyheter\/morden-i-midsomer-intervju-neil-dudgeon\" title=\"En av de mest popul\u00e4ra deckarserierna n\u00e5gonsin \u00e4r tillbaka: \u201dDet r\u00e5der ingen brist p\u00e5 m\u00e4nniskor att ta livet av\u201d\" class=\"underline-custom !font-montserrat !font-bold !underline-offset-4 !decoration-4 !decoration-moviezine-green !text-md\" rel=\"nofollow noopener\" target=\"_blank\">En av de mest popul\u00e4ra deckarserierna n\u00e5gonsin \u00e4r tillbaka: \u201dDet r\u00e5der ingen brist p\u00e5 m\u00e4nniskor att ta livet av\u201d<\/a><\/p>\n","protected":false},"excerpt":{"rendered":"Amazon Prime Video har beslutat sig f\u00f6r att f\u00f6rnya \u201cBallard\u201d, spinoffen till \u201cBosch\u201d, f\u00f6r en andra s\u00e4song, rapporterar&hellip;\n","protected":false},"author":2,"featured_media":48913,"comment_status":"","ping_status":"","sticky":false,"template":"","format":"standard","meta":{"footnotes":""},"categories":[67],"tags":[2031,104,3242,34,31,33,32,30,105],"class_list":{"0":"post-48912","1":"post","2":"type-post","3":"status-publish","4":"format-standard","5":"has-post-thumbnail","7":"category-underhallning","8":"tag-amazon-prime-video","9":"tag-entertainment","10":"tag-kommande-serier","11":"tag-se","12":"tag-svenska","13":"tag-sverige","14":"tag-sweden","15":"tag-swedish","16":"tag-underhallning"},"share_on_mastodon":{"url":"","error":""},"_links":{"self":[{"href":"https:\/\/www.europesays.com\/se\/wp-json\/wp\/v2\/posts\/48912","targetHints":{"allow":["GET"]}}],"collection":[{"href":"https:\/\/www.europesays.com\/se\/wp-json\/wp\/v2\/posts"}],"about":[{"href":"https:\/\/www.europesays.com\/se\/wp-json\/wp\/v2\/types\/post"}],"author":[{"embeddable":true,"href":"https:\/\/www.europesays.com\/se\/wp-json\/wp\/v2\/users\/2"}],"replies":[{"embeddable":true,"href":"https:\/\/www.europesays.com\/se\/wp-json\/wp\/v2\/comments?post=48912"}],"version-history":[{"count":0,"href":"https:\/\/www.europesays.com\/se\/wp-json\/wp\/v2\/posts\/48912\/revisions"}],"wp:featuredmedia":[{"embeddable":true,"href":"https:\/\/www.europesays.com\/se\/wp-json\/wp\/v2\/media\/48913"}],"wp:attachment":[{"href":"https:\/\/www.europesays.com\/se\/wp-json\/wp\/v2\/media?parent=48912"}],"wp:term":[{"taxonomy":"category","embeddable":true,"href":"https:\/\/www.europesays.com\/se\/wp-json\/wp\/v2\/categories?post=48912"},{"taxonomy":"post_tag","embeddable":true,"href":"https:\/\/www.europesays.com\/se\/wp-json\/wp\/v2\/tags?post=48912"}],"curies":[{"name":"wp","href":"https:\/\/api.w.org\/{rel}","templated":true}]}}