{"id":48961,"date":"2025-10-06T21:02:10","date_gmt":"2025-10-06T21:02:10","guid":{"rendered":"https:\/\/www.europesays.com\/se\/48961\/"},"modified":"2025-10-06T21:02:10","modified_gmt":"2025-10-06T21:02:10","slug":"tyskland-kommer-att-bojkotta-eurovision-om-israel-utestangs","status":"publish","type":"post","link":"https:\/\/www.europesays.com\/se\/48961\/","title":{"rendered":"Tyskland kommer att bojkotta Eurovision om Israel utest\u00e4ngs"},"content":{"rendered":"<p data-start=\"161\" data-end=\"366\"><strong data-start=\"293\" data-end=\"366\">\u2013 Israel h\u00f6r hemma i Eurovision, sl\u00e5r Tysklands f\u00f6rbundskansler fast.<\/strong><\/p>\n<p data-start=\"455\" data-end=\"697\">F\u00f6rbundskansler <strong data-start=\"471\" data-end=\"489\">Friedrich Merz<\/strong> s\u00e4ger att Tyskland b\u00f6r dra sig ur Eurovision om Israel skulle bli utest\u00e4ngt. Den europeiska radio- och tv-unionen (EBU) ska i november ta st\u00e4llning till om Israel ska utest\u00e4ngas, <a href=\"https:\/\/www.timesofisrael.com\/german-leader-wants-his-country-to-boycott-eurovision-if-israel-is-ousted\/\" rel=\"nofollow noopener\" target=\"_blank\">skriver Times of Israel<\/a>.<\/p>\n<p data-start=\"699\" data-end=\"847\">\u2013 Om Israel blir exkluderat, anser jag att Tyskland inte heller b\u00f6r delta, s\u00e4ger Merz i en intervju med den tyska talkshowv\u00e4rden <strong data-start=\"828\" data-end=\"844\">Caren Miosga<\/strong>.<\/p>\n<p data-start=\"849\" data-end=\"922\">Kanslern menar att hela debatten kring Israels deltagande \u00e4r skandal\u00f6s.<\/p>\n<p data-start=\"924\" data-end=\"988\">\u2013 Israel h\u00f6r hemma i Eurovision, sl\u00e5r den tyske kanslern fast.<\/p>\n<p data-start=\"990\" data-end=\"1122\">Israels \u00f6de i musikt\u00e4vlingen avg\u00f6rs i november. EBU vill f\u00e5 detta klart innan anm\u00e4lningsfristen till Eurovision g\u00e5r ut i december.<\/p>\n<p data-start=\"1124\" data-end=\"1363\">L\u00e4nder som <strong data-start=\"1135\" data-end=\"1172\">Spanien, Irland och Nederl\u00e4nderna<\/strong> har meddelat att de kommer att bojkotta Eurovision om Israel f\u00e5r delta. Samtidigt har <strong data-start=\"1259\" data-end=\"1298\">Frankrike, \u00d6sterrike och Australien<\/strong> sagt att de mots\u00e4tter sig att Israel utest\u00e4ngs fr\u00e5n t\u00e4vlingen.<\/p>\n<p data-start=\"1365\" data-end=\"1606\"><strong data-start=\"1365\" data-end=\"1377\">Tyskland<\/strong>, ett av de l\u00e4nder som bidrar mest ekonomiskt till Eurovision, \u00e4r det f\u00f6rsta landet som hotar att dra sig ur om det skulle ske. Den tyske kanslern s\u00e4ger att det aldrig har varit n\u00e5gon tvekan om Tysklands solidaritet med Israel.<\/p>\n<p data-start=\"1608\" data-end=\"1821\">\u2013 Mina personliga k\u00e4nslor f\u00f6r Israel \u00e4r enbart positiva. Det \u00e4r ett fantastiskt land. Men enligt min mening har vissa av de milit\u00e4ra handlingarna i Gaza g\u00e5tt f\u00f6r l\u00e5ngt, s\u00e4ger Merz i intervjun med talkshowv\u00e4rden.<\/p>\n<p><a href=\"https:\/\/www.svt.se\/kultur\/svts-bryter-tystnaden-om-eurovision-tar-inte-politisk-stallning\" rel=\"nofollow noopener\" target=\"_blank\">F\u00f6r svensk del<\/a> \u00e4r n\u00e5got bojkott-hot i f\u00f6rh\u00e5llande till Israels medverkan inte aktuellt, skriver SVT:s VD Anne Lagercrantz i ett mejl till Kulturnyheterna. Hon\u00a0ger inget direkt svar p\u00e5 hur public service-bolaget kommer st\u00e4lla sig till ett israeliskt deltagande i Eurovision Song Contest n\u00e4sta \u00e5r.<\/p>\n<p>\u201dM\u00e5nga vill veta var SVT st\u00e5r. SVT \u00e4r oberoende \u2013 det \u00e4r en av v\u00e5ra grundpelare. Vi tar inte politisk st\u00e4llning\u201d,<\/p>\n<p>SVT:s norska kollegor <strong data-start=\"1823\" data-end=\"1830\">NRK<\/strong> har klargjort att det inte \u00e4r aktuellt f\u00f6r dem att bojkotta Eurovision. I Danmark har <strong>DR<\/strong> meddelat att man inte kommer att bojkotta t\u00e4vlingen och inte heller kommer att r\u00f6sta f\u00f6r att utesluta Israel fr\u00e5n t\u00e4vlingen.<\/p>\n<p data-start=\"1906\" data-end=\"2139\">Just nu p\u00e5g\u00e5r intensiva f\u00f6rhandlingar om att n\u00e5 en vapenvila, frige gisslan och avsluta kriget. Det \u00e4r oklart ifall det kommer att h\u00e5llas en omr\u00f6stning om Israels deltagande i Eurovision om kriget avslutas innan omr\u00f6stningen \u00e4ger rum.<\/p>\n<p data-start=\"1906\" data-end=\"2139\">\/<a href=\"https:\/\/miff.no\/boikott-aksjoner-mot-israel\/2025\/10\/06vil-boikotte-eurovision-hvis-israel-blir-utestengt.htm\" rel=\"nofollow noopener\" target=\"_blank\"><strong>BB<\/strong><\/a><\/p>\n","protected":false},"excerpt":{"rendered":"\u2013 Israel h\u00f6r hemma i Eurovision, sl\u00e5r Tysklands f\u00f6rbundskansler fast. F\u00f6rbundskansler Friedrich Merz s\u00e4ger att Tyskland b\u00f6r dra&hellip;\n","protected":false},"author":2,"featured_media":48962,"comment_status":"","ping_status":"","sticky":false,"template":"","format":"standard","meta":{"footnotes":""},"categories":[67],"tags":[104,4891,34,31,33,32,30,105],"class_list":{"0":"post-48961","1":"post","2":"type-post","3":"status-publish","4":"format-standard","5":"has-post-thumbnail","7":"category-underhallning","8":"tag-entertainment","9":"tag-eurovision","10":"tag-se","11":"tag-svenska","12":"tag-sverige","13":"tag-sweden","14":"tag-swedish","15":"tag-underhallning"},"share_on_mastodon":{"url":"","error":""},"_links":{"self":[{"href":"https:\/\/www.europesays.com\/se\/wp-json\/wp\/v2\/posts\/48961","targetHints":{"allow":["GET"]}}],"collection":[{"href":"https:\/\/www.europesays.com\/se\/wp-json\/wp\/v2\/posts"}],"about":[{"href":"https:\/\/www.europesays.com\/se\/wp-json\/wp\/v2\/types\/post"}],"author":[{"embeddable":true,"href":"https:\/\/www.europesays.com\/se\/wp-json\/wp\/v2\/users\/2"}],"replies":[{"embeddable":true,"href":"https:\/\/www.europesays.com\/se\/wp-json\/wp\/v2\/comments?post=48961"}],"version-history":[{"count":0,"href":"https:\/\/www.europesays.com\/se\/wp-json\/wp\/v2\/posts\/48961\/revisions"}],"wp:featuredmedia":[{"embeddable":true,"href":"https:\/\/www.europesays.com\/se\/wp-json\/wp\/v2\/media\/48962"}],"wp:attachment":[{"href":"https:\/\/www.europesays.com\/se\/wp-json\/wp\/v2\/media?parent=48961"}],"wp:term":[{"taxonomy":"category","embeddable":true,"href":"https:\/\/www.europesays.com\/se\/wp-json\/wp\/v2\/categories?post=48961"},{"taxonomy":"post_tag","embeddable":true,"href":"https:\/\/www.europesays.com\/se\/wp-json\/wp\/v2\/tags?post=48961"}],"curies":[{"name":"wp","href":"https:\/\/api.w.org\/{rel}","templated":true}]}}