{"id":49000,"date":"2025-10-06T22:17:35","date_gmt":"2025-10-06T22:17:35","guid":{"rendered":"https:\/\/www.europesays.com\/se\/49000\/"},"modified":"2025-10-06T22:17:35","modified_gmt":"2025-10-06T22:17:35","slug":"tva-man-doms-for-mordbrander-i-lidkoping-och-grastorp","status":"publish","type":"post","link":"https:\/\/www.europesays.com\/se\/49000\/","title":{"rendered":"Tv\u00e5 m\u00e4n d\u00f6ms f\u00f6r mordbr\u00e4nder i Lidk\u00f6ping och Gr\u00e4storp"},"content":{"rendered":"<p>Publicerad 6 okt 2025 kl 11.56<\/p>\n<p>En 15-\u00e5ring t\u00e4nder p\u00e5 bensindunkar utanf\u00f6r en l\u00e4genhet i Lidk\u00f6ping. Samma natt brinner en villa i Gr\u00e4storp efter att en 18-\u00e5ring kastat in en bensindunk.<\/p>\n<p>D\u00e5den \u2013 som tros vara g\u00e4ngkopplade \u2013 leder polisen rakt in i en stor knarkh\u00e4rva som nystas upp i v\u00e4stra Sverige.<\/p>\n<p>Nu d\u00f6ms 18-\u00e5ringen till f\u00e4ngelse och 15-\u00e5ringen till ungdomsv\u00e5rd.\u00a0<\/p>\n<p>Senaste nyhetsklippen fr\u00e5n Expressen.<img   alt=\"\"\/><\/p>\n<p>Bild tagen efter branden.<\/p>\n<p>Foto: Polisen \/ Polisens f\u00f6runders\u00f6kning<\/p>\n<p>\u00d6ppna bild i helsk\u00e4rm<img loading=\"lazy\"   alt=\"\"\/><\/p>\n<p>15-\u00e5ringen greps med br\u00e4nnskador p\u00e5 ett t\u00e5g mot G\u00f6teborg.<\/p>\n<p>Foto: POLISEN<\/p>\n<p>\u00d6ppna bild i helsk\u00e4rm<img loading=\"lazy\"   alt=\"\"\/><\/p>\n<p>18-\u00e5ringen greps dagen efter f\u00f6r brandattentatet i Gr\u00e4storp. Polisen hittar bensindunkar l\u00e4ngs v\u00e4gen, inte l\u00e5ngt fr\u00e5n villan.<\/p>\n<p>Foto: Polisen \/ Polisens f\u00f6runders\u00f6kning<\/p>\n<p>\u00d6ppna bild i helsk\u00e4rm<\/p>\n<p>Under samma natt i b\u00f6rjan av juni i \u00e5r<a href=\"https:\/\/www.expressen.se\/nyheter\/krim\/dubbla-brander-avslojade--dolda-knarkharvan\/\" rel=\"nofollow noopener\" target=\"_blank\"> sker tv\u00e5 brandattentat<\/a> \u2013 det ena i ett flerfamiljshus i <a href=\"https:\/\/www.expressen.se\/tagg\/location\/lidkoping\/\" class=\"\" rel=\"nofollow noopener\" target=\"_blank\">Lidk\u00f6ping<\/a> och det andra mot en villa utanf\u00f6r Gr\u00e4storp.<\/p>\n<p>D\u00e5den, som intr\u00e4ffar med bara n\u00e5gra timmars mellanrum, visar sig snart ha en tydlig koppling till varandra.<\/p>\n<p>I Lidk\u00f6ping var attacken riktad mot ett \u00e4ldre par, anh\u00f6riga till en av de boende i villan i Gr\u00e4storp.<\/p>\n<p>En 15-\u00e5rig pojke greps senare samma natt \u2013\u00a0och d\u00f6ms nu i Skaraborgs tingsr\u00e4tt till ungdomsv\u00e5rd f\u00f6r mordbrand.\u00a0<\/p>\n<p><img loading=\"lazy\"   alt=\"\"\/><\/p>\n<p>Villan i Gr\u00e4storp fick omfattande skador efter d\u00e5det. Familjen var inte hemma under brandnatten.<\/p>\n<p>Foto: Joachim Nywall \/ TT \/ TT NYHETSBYR\u00c5N<\/p>\n<p>\u00d6ppna bild i helsk\u00e4rm<img loading=\"lazy\"   alt=\"\"\/><\/p>\n<p>18-\u00e5ringen misst\u00e4nks ha krossat ett f\u00f6nster, kastat in en bensindunk och sedan t\u00e4nt eld.<\/p>\n<p>Foto: POLISEN<\/p>\n<p>\u00d6ppna bild i helsk\u00e4rm<\/p>\n<p>Enligt utredningen har b\u00e5de familjen i Gr\u00e4storp och det \u00e4ldre paret i Lidk\u00f6ping oskyldigt hamnat i skottlinjen.<\/p>\n<p>Familjen som bor i huset i Gr\u00e4storp var inte hemma den natten. Bara en vecka tidigare hade de utsatts f\u00f6r en skottlossning \u2013 vilket fick dem att tillf\u00e4lligt flytta till en annan adress.<\/p>\n<p>Dagen efter brandd\u00e5det greps en 18-\u00e5rig man bara ett par hundra meter fr\u00e5n villan.\u00a0<\/p>\n<p>Nu d\u00f6ms han till f\u00e4ngelse i 3,5 \u00e5r f\u00f6r mordbrand, efter att han krossat ett f\u00f6nster i villan, kastat in en bensindunk och sedan t\u00e4nt eld.\u00a0<\/p>\n<p>15-\u00e5ringen d\u00f6ms ocks\u00e5 f\u00f6r medhj\u00e4lp till branden i Gr\u00e4storp genom att ha k\u00f6pt en t\u00e4ndare och l\u00e4mnat den till den 18-\u00e5rige mannen.\u00a0<\/p>\n<p><img loading=\"lazy\"   alt=\"\"\/><\/p>\n<p>De d\u00f6mda g\u00e4rningsm\u00e4nnen, 18-\u00e5ringen och 15-\u00e5ringen.<\/p>\n<p>\u00d6ppna bild i helsk\u00e4rm<\/p>\n<p>Polisens utredning stannade inte vid de misst\u00e4nkta brandattentaten och skjutningen. Sp\u00e5ren ledde vidare till ett genombrott i jakten p\u00e5 en omfattande narkotikah\u00e4rva i v\u00e4stra Sverige.<\/p>\n<p>Under sommaren genomf\u00f6rdes flera tillslag p\u00e5 olika adresser \u2013 det st\u00f6rsta resulterade i ett beslag p\u00e5 30 kilo kokain.<\/p>\n<p>Nio personer har h\u00e4ktats, misst\u00e4nkta f\u00f6r grovt narkotikabrott. Bland dem finns flera kvinnor i \u00e5ldrarna 17 till 54 \u00e5r.<\/p>\n<p>Flera av sommarens h\u00e4ndelser tycks ha en gemensam n\u00e4mnare.<\/p>\n<p>V\u00e5ldsd\u00e5den tros ha kopplingar till en p\u00e5g\u00e5ende narkotikakonflikt \u2013 och n\u00e5gra av de kvinnor som nu misst\u00e4nks vara inblandade \u00e4r n\u00e4ra sl\u00e4kt till personer som varit m\u00e5ltavlor f\u00f6r attackerna.<\/p>\n<p>\u201dTeam fox\u201d<\/p>\n<p>De b\u00e5da d\u00f6mda g\u00e4rningsm\u00e4nnen hade kontakt p\u00e5 krypterade appar med en person som kallat sig Pyro.<\/p>\n<p>I den 15-\u00e5rige nu d\u00f6mde pojkens mobil hittade polisen chattar p\u00e5 Snapchat som antyder varf\u00f6r han kan ha g\u00e5tt med p\u00e5 att utf\u00f6ra uppdragen.<\/p>\n<p>\u201dVi \u00e4r team fox bror\u201d, skriver han bland annat.<\/p>\n<p>\u2013\u00a0N\u00e4r det g\u00e4ller mordbr\u00e4nderna s\u00e5 framskymtar ju en viss bevisning som tyder p\u00e5 att det skulle kunna vara Foxtrot som p\u00e5 n\u00e5got s\u00e4tt \u00e4r inblandade. Vad det st\u00e5r f\u00f6r \u00e5terst\u00e5r att se, men jag menar att det \u00e4r tydligt att de har agerat p\u00e5 uppdrag av n\u00e5gon, har senior \u00e5klagare Sofia Karlsson <a href=\"https:\/\/www.expressen.se\/nyheter\/krim\/dubbla-brander-avslojade--dolda-knarkharvan\/\" rel=\"nofollow noopener\" target=\"_blank\">tidigare sagt till Expressen.<\/a><\/p>\n<p><strong>L\u00c4S MER: <\/strong><a href=\"https:\/\/www.expressen.se\/nyheter\/krim\/dubbla-brander-avslojade--dolda-knarkharvan\/\" class=\"premium-link\" rel=\"nofollow noopener\" target=\"_blank\">Premium Dubbla br\u00e4nder avsl\u00f6jade  dolda knarkh\u00e4rvan<\/a><\/p>\n","protected":false},"excerpt":{"rendered":"Publicerad 6 okt 2025 kl 11.56 En 15-\u00e5ring t\u00e4nder p\u00e5 bensindunkar utanf\u00f6r en l\u00e4genhet i Lidk\u00f6ping. Samma natt&hellip;\n","protected":false},"author":2,"featured_media":49001,"comment_status":"","ping_status":"","sticky":false,"template":"","format":"standard","meta":{"footnotes":""},"categories":[5],"tags":[22,23,26,27,17,21,24,25,4892,28,29,15,16,18,34,666,31,33,32,30,19,668,20],"class_list":{"0":"post-49000","1":"post","2":"type-post","3":"status-publish","4":"format-standard","5":"has-post-thumbnail","7":"category-rubriker","8":"tag-breaking-news","9":"tag-breakingnews","10":"tag-featured-news","11":"tag-featurednews","12":"tag-headlines","13":"tag-huvudnyheter","14":"tag-latest-news","15":"tag-latestnews","16":"tag-location-lidkoping","17":"tag-main-news","18":"tag-mainnews","19":"tag-news","20":"tag-nyheter","21":"tag-rubriker","22":"tag-se","23":"tag-sections-krim","24":"tag-svenska","25":"tag-sverige","26":"tag-sweden","27":"tag-swedish","28":"tag-top-stories","29":"tag-topic-gangkriminalitet","30":"tag-topstories"},"share_on_mastodon":{"url":"","error":""},"_links":{"self":[{"href":"https:\/\/www.europesays.com\/se\/wp-json\/wp\/v2\/posts\/49000","targetHints":{"allow":["GET"]}}],"collection":[{"href":"https:\/\/www.europesays.com\/se\/wp-json\/wp\/v2\/posts"}],"about":[{"href":"https:\/\/www.europesays.com\/se\/wp-json\/wp\/v2\/types\/post"}],"author":[{"embeddable":true,"href":"https:\/\/www.europesays.com\/se\/wp-json\/wp\/v2\/users\/2"}],"replies":[{"embeddable":true,"href":"https:\/\/www.europesays.com\/se\/wp-json\/wp\/v2\/comments?post=49000"}],"version-history":[{"count":0,"href":"https:\/\/www.europesays.com\/se\/wp-json\/wp\/v2\/posts\/49000\/revisions"}],"wp:featuredmedia":[{"embeddable":true,"href":"https:\/\/www.europesays.com\/se\/wp-json\/wp\/v2\/media\/49001"}],"wp:attachment":[{"href":"https:\/\/www.europesays.com\/se\/wp-json\/wp\/v2\/media?parent=49000"}],"wp:term":[{"taxonomy":"category","embeddable":true,"href":"https:\/\/www.europesays.com\/se\/wp-json\/wp\/v2\/categories?post=49000"},{"taxonomy":"post_tag","embeddable":true,"href":"https:\/\/www.europesays.com\/se\/wp-json\/wp\/v2\/tags?post=49000"}],"curies":[{"name":"wp","href":"https:\/\/api.w.org\/{rel}","templated":true}]}}