{"id":49053,"date":"2025-10-07T03:08:28","date_gmt":"2025-10-07T03:08:28","guid":{"rendered":"https:\/\/www.europesays.com\/se\/49053\/"},"modified":"2025-10-07T03:08:28","modified_gmt":"2025-10-07T03:08:28","slug":"knarklast-for-150-miljoner-skulle-till-clas-ohlson","status":"publish","type":"post","link":"https:\/\/www.europesays.com\/se\/49053\/","title":{"rendered":"Knarklast f\u00f6r 150 miljoner &#8211; &#8221;skulle till Clas Ohlson&#8221;"},"content":{"rendered":"<p>Den 11 april i \u00e5r rullade en litauisk lastbil in i Helsingborgs hamn. N\u00e4r tulltj\u00e4nstem\u00e4nnen \u00f6ppnade trailern reagerade de p\u00e5 att udda lastpallar hade placerats framf\u00f6r en st\u00f6rre last med plastprodukter.<\/p>\n<p>Pallarna var lastade med synbart begagnade kartonger som skulle ge sken av att inneh\u00e5lla hush\u00e5llsapparater p\u00e5 v\u00e4g till en Clas Ohlson-butik i Stockholm.<\/p>\n<p>St\u00f6rsta heroinbeslaget som gjorts i Sverige<\/p>\n<p>Vid en n\u00e4rmare kontroll visade det sig att tre av de fem lastpallarna ist\u00e4llet var fyllda med narkotika. P\u00e5 en av pallarna fanns 13 kartonger som tillsammans inneh\u00f6ll \u00f6ver 228 kilo narkotika. I en annan kartong hittades 40 kakor med amfetamin, varav 39 var pr\u00e4glade med modem\u00e4rket Pradas logotyp.<\/p>\n<p>Clas Ohlson k\u00e4nner inte till avs\u00e4ndaren, ett f\u00f6retag i Nederl\u00e4nderna, eller det polska transportf\u00f6retaget. N\u00e4r Tullverket bad polska myndigheter att kontrollera orderhandlingarna som hittades i lastbilen, visade det sig att de var f\u00f6rfalskade.<\/p>\n<p>I lasten fann tullpersonalen totalt 501 kilo narkotika med ett uppskattat gatuv\u00e4rde p\u00e5 mellan 140 och 150 miljoner kronor. Beslaget inneh\u00f6ll 50 kilo heroin, vilket \u00e4r ett rekord f\u00f6r Tullverket, samt 319 kilo amfetamin, det n\u00e4st st\u00f6rsta amfetaminbeslaget som gjorts i Sverige.<\/p>\n<p>&#8221;Ingen rimlig f\u00f6rklaring&#8221;<\/p>\n<p>Den 38-\u00e5rige chauff\u00f6ren har under f\u00f6rh\u00f6r inte kunnat ge en trov\u00e4rdig f\u00f6rklaring till h\u00e4ndelsef\u00f6rloppet.<\/p>\n<blockquote>\n<p>Det \u00e4r mycket som inte st\u00e4mmer i den h\u00e4r historien. Chauff\u00f6ren p\u00e5st\u00e5r att han aldrig har tr\u00e4ffat sin chef utan fick alla k\u00f6rorder digitalt, s\u00e4ger Ingrid Lamberth p\u00e5 Tullverkets kriminalavdelning Syd, och forts\u00e4tter:<\/p>\n<p>Han l\u00e4mnar ingen rimlig f\u00f6rklaring till varf\u00f6r han f\u00f6rst lastar plastprodukter p\u00e5 ett f\u00f6retag i Tyskland, sedan k\u00f6r till Nederl\u00e4nderna d\u00e4r han h\u00e4lsar p\u00e5 en kompis i fem dagar f\u00f6r att sedan k\u00f6ra tillbaka till Tyskland och vidare till Sverige via Danmark.<\/p>\n<\/blockquote>\n<p>Kammar\u00e5klagare Josefine Dahlqvist vid Riksenheten mot internationell och organiserad brottslighet menar att chauff\u00f6ren agerade med upps\u00e5t. I sin st\u00e4mningsans\u00f6kan till Helsingborgs tingsr\u00e4tt yrkar hon p\u00e5 att mannen ska d\u00f6mas f\u00f6r synnerligen grov narkotikasmuggling.<\/p>\n<p><strong>Mer exakt inneh\u00f6ll beslaget:\u00a0<\/strong><\/p>\n<ul>\n<li>49,91 kg heroin<\/li>\n<li>319,17 kg amfetamin<\/li>\n<li>11,59 kg metamfetamin<\/li>\n<li>33,01 kg kokain<\/li>\n<li>36,9 kg 3-CMC<\/li>\n<li>11,59 kg 4-CMC<\/li>\n<li>9,49 kg cannabis<\/li>\n<li>30,05 kg cannabisharts<\/li>\n<\/ul>\n<p>K\u00e4lla: Tullverket<\/p>\n","protected":false},"excerpt":{"rendered":"Den 11 april i \u00e5r rullade en litauisk lastbil in i Helsingborgs hamn. N\u00e4r tulltj\u00e4nstem\u00e4nnen \u00f6ppnade trailern reagerade&hellip;\n","protected":false},"author":2,"featured_media":49054,"comment_status":"","ping_status":"","sticky":false,"template":"","format":"standard","meta":{"footnotes":""},"categories":[5],"tags":[4896,22,23,3359,26,27,17,4897,21,4898,24,25,28,29,15,16,18,34,31,33,32,30,19,20,3658],"class_list":{"0":"post-49053","1":"post","2":"type-post","3":"status-publish","4":"format-standard","5":"has-post-thumbnail","7":"category-rubriker","8":"tag-amfetamin","9":"tag-breaking-news","10":"tag-breakingnews","11":"tag-clas-ohlson","12":"tag-featured-news","13":"tag-featurednews","14":"tag-headlines","15":"tag-heroin","16":"tag-huvudnyheter","17":"tag-knark","18":"tag-latest-news","19":"tag-latestnews","20":"tag-main-news","21":"tag-mainnews","22":"tag-news","23":"tag-nyheter","24":"tag-rubriker","25":"tag-se","26":"tag-svenska","27":"tag-sverige","28":"tag-sweden","29":"tag-swedish","30":"tag-top-stories","31":"tag-topstories","32":"tag-tullverket"},"share_on_mastodon":{"url":"","error":""},"_links":{"self":[{"href":"https:\/\/www.europesays.com\/se\/wp-json\/wp\/v2\/posts\/49053","targetHints":{"allow":["GET"]}}],"collection":[{"href":"https:\/\/www.europesays.com\/se\/wp-json\/wp\/v2\/posts"}],"about":[{"href":"https:\/\/www.europesays.com\/se\/wp-json\/wp\/v2\/types\/post"}],"author":[{"embeddable":true,"href":"https:\/\/www.europesays.com\/se\/wp-json\/wp\/v2\/users\/2"}],"replies":[{"embeddable":true,"href":"https:\/\/www.europesays.com\/se\/wp-json\/wp\/v2\/comments?post=49053"}],"version-history":[{"count":0,"href":"https:\/\/www.europesays.com\/se\/wp-json\/wp\/v2\/posts\/49053\/revisions"}],"wp:featuredmedia":[{"embeddable":true,"href":"https:\/\/www.europesays.com\/se\/wp-json\/wp\/v2\/media\/49054"}],"wp:attachment":[{"href":"https:\/\/www.europesays.com\/se\/wp-json\/wp\/v2\/media?parent=49053"}],"wp:term":[{"taxonomy":"category","embeddable":true,"href":"https:\/\/www.europesays.com\/se\/wp-json\/wp\/v2\/categories?post=49053"},{"taxonomy":"post_tag","embeddable":true,"href":"https:\/\/www.europesays.com\/se\/wp-json\/wp\/v2\/tags?post=49053"}],"curies":[{"name":"wp","href":"https:\/\/api.w.org\/{rel}","templated":true}]}}