{"id":49091,"date":"2025-10-07T04:02:08","date_gmt":"2025-10-07T04:02:08","guid":{"rendered":"https:\/\/www.europesays.com\/se\/49091\/"},"modified":"2025-10-07T04:02:08","modified_gmt":"2025-10-07T04:02:08","slug":"trump-utmanar-lagen-vill-pryda-dollarmyntet","status":"publish","type":"post","link":"https:\/\/www.europesays.com\/se\/49091\/","title":{"rendered":"Trump utmanar lagen \u2013 vill pryda dollarmyntet"},"content":{"rendered":"<p>Publicerad 7 okt 2025 kl 01.01Uppdaterad kl 05.36<\/p>\n<p>Trump vill ha sitt eget ansikte p\u00e5 ett mynt.<\/p>\n<p>Kritikerna \u00e4r rasande, men det amerikanska finansdepartementet f\u00f6rsvarar beslutet.<\/p>\n<p>\u201dIngen \u00e4r mer symbolisk f\u00f6r framsidan av detta mynt \u00e4n v\u00e5r sittande president, Donald J. Trump.\u201d, skriver departementet.\u00a0<\/p>\n<p>Zeberg: Vi \u00e4r n\u00e4ra toppen p\u00e5 b\u00f6rsen<img loading=\"lazy\"   alt=\"\"\/><\/p>\n<p>I en officiell skiss ska ena sidan p\u00e5 myntet se ut s\u00e5 h\u00e4r.<\/p>\n<p>Foto: United States Treasurer<\/p>\n<p>\u00d6ppna bild i helsk\u00e4rm<img loading=\"lazy\"   alt=\"\"\/><\/p>\n<p>P\u00e5 den andra sidan av myntet st\u00e5r det \u201dFight, fight, fight\u201d.<\/p>\n<p>Foto: United States Treasurer<\/p>\n<p>\u00d6ppna bild i helsk\u00e4rm<img loading=\"lazy\"   alt=\"\"\/><\/p>\n<p>N\u00e4r USA firar 250 \u00e5r n\u00e4sta \u00e5r \u00e4r planen att ge ut ett 1 dollarmynt med Trump p\u00e5 b\u00e5da sidorna.<\/p>\n<p>Foto: POOL \/ STELLA PICTURES\/ABACA PRESS ABACA PRESS<\/p>\n<p>\u00d6ppna bild i helsk\u00e4rm<\/p>\n<p>Det amerikanska finansdepartementet \u00f6verv\u00e4ger att rista in Donald Trumps ansikte p\u00e5 ett 1 dollar mynt, vilket<a href=\"https:\/\/www.politico.com\/news\/2025\/10\/03\/treasury-department-trump-dollar-coin-00593368\" rel=\"nofollow noopener\" target=\"_blank\"> Politico<\/a> rapporterat om. F\u00f6rra veckan offentliggjordes de f\u00f6rsta utkasten till myntets design.<\/p>\n<p>Beskedet har v\u00e4ckt ramaskri och anklagelserna kom snabbt om att regeringen bryter mot lagen. Enligt en lag fr\u00e5n 1866 f\u00e5r endast avlidna personer avbildas p\u00e5 amerikanska pengar.<\/p>\n<p>Finansdepartementet h\u00e4vdar dock att det \u00e4r till\u00e5tet att hylla Trump p\u00e5 det h\u00e4r s\u00e4ttet f\u00f6r att fira nationens 250-\u00e5rsjubileum och h\u00e4nvisar till en lag fr\u00e5n 2020, skriver <a href=\"https:\/\/www.nytimes.com\/2025\/10\/06\/us\/politics\/treasury-trump-coin.html\" rel=\"nofollow noopener\" target=\"_blank\">New York Times<\/a>. Enligt departementet f\u00e5ngar det planerade myntet <a href=\"https:\/\/www.expressen.se\/tagg\/person\/donald-trump\/\" class=\"\" rel=\"nofollow noopener\" target=\"_blank\">Donald Trump<\/a> och hans vision f\u00f6r USA.\u00a0<\/p>\n<p>\u201dF\u00f6r detta betydelsefulla jubileum finns ingen annan person som \u00e4r mer symbolisk f\u00f6r framsidan av det h\u00e4r myntet \u00e4n v\u00e5r sittande president, Donald J. Trump\u201d, skriver finansdepartementet p\u00e5 <a href=\"https:\/\/x.com\/USTreasury\/status\/1975291349474894066\" rel=\"nofollow\">X<\/a>.<\/p>\n<p><a href=\"https:\/\/x.com\/USTreasury\/status\/1975291349474894066\" data-provider=\"twitter\" class=\"js-social-embed\" rel=\"nofollow\">https:\/\/x.com\/USTreasury\/status\/1975291349474894066<\/a>Myntets design<\/p>\n<p>\u00c4n \u00e4r det inte helt best\u00e4mt hur myntet ska se ut, men enligt ett f\u00f6rsta utkast kommer framsidan att f\u00f6rest\u00e4lla Trumps profil.\u00a0<\/p>\n<p>Han kommer \u00e4ven synas p\u00e5 baksidan, st\u00e5endes framf\u00f6r den amerikanska flaggan med knuten n\u00e4ve och under orden \u201dFight fight fight\u201d. En paroll som etablerades efter mordf\u00f6rs\u00f6ket p\u00e5 honom f\u00f6rra \u00e5ret.\u00a0<\/p>\n<p>Brandon Beach som \u00e4r ansvarig f\u00f6r det amerikanska myntverket US Mint skriver att mer information kommer snart.\u00a0<\/p>\n<p><a href=\"https:\/\/x.com\/TreasurerBeach\/status\/1974156375891804229\" data-provider=\"twitter\" class=\"js-social-embed\" rel=\"nofollow\">https:\/\/x.com\/TreasurerBeach\/status\/1974156375891804229<\/a><\/p>\n<p>Lagen fr\u00e5n 2020 begr\u00e4nsar dock vilka motiv som f\u00e5r finnas p\u00e5 ett mynts baksida. Inga portr\u00e4ttbilder med huvud, axlar eller byst av n\u00e5gon person, levande eller d\u00f6d, f\u00e5r f\u00f6rekomma.\u00a0<\/p>\n<p>Planen \u00e4r att myntet ska vara i cirkulation under 2026. Det kan bli s\u00e5 att fr\u00e5gan avg\u00f6rs i domstol.\u00a0<\/p>\n<p>Trumps order<\/p>\n<p>Beslutet att skapa ett nytt mynt kommer efter att Trump tidigare i \u00e5r beordrade finansdepartementet att sluta producera pennies. Enligt Trump kostar de mer att tillverka \u00e4n de \u00e4r v\u00e4rda. En penny \u00e4r en hundradels dollar.<\/p>\n<p>Det \u00e4r oklart hur mycket det kommer kosta att producera det nya myntet.<\/p>\n<p>Under Obamas tid motsatte sig Trump f\u00f6rslaget att s\u00e4tta Harriet Tubman \u2013 en amerikansk slav som k\u00e4mpade mot slaveriet \u2013 p\u00e5 en 20-dollarssedel. D\u00e5 kallade han det \u201dren politisk korrekthet\u201d.\u00a0<\/p>\n","protected":false},"excerpt":{"rendered":"Publicerad 7 okt 2025 kl 01.01Uppdaterad kl 05.36 Trump vill ha sitt eget ansikte p\u00e5 ett mynt. Kritikerna&hellip;\n","protected":false},"author":2,"featured_media":49092,"comment_status":"","ping_status":"","sticky":false,"template":"","format":"standard","meta":{"footnotes":""},"categories":[14],"tags":[22,23,26,27,17,21,24,25,28,29,15,16,4899,198,913,18,34,55,31,33,32,30,19,20,51,52,53,54],"class_list":{"0":"post-49091","1":"post","2":"type-post","3":"status-publish","4":"format-standard","5":"has-post-thumbnail","7":"category-varlden","8":"tag-breaking-news","9":"tag-breakingnews","10":"tag-featured-news","11":"tag-featurednews","12":"tag-headlines","13":"tag-huvudnyheter","14":"tag-latest-news","15":"tag-latestnews","16":"tag-main-news","17":"tag-mainnews","18":"tag-news","19":"tag-nyheter","20":"tag-organization-finansdepartementet","21":"tag-person-donald-trump","22":"tag-person-donald-trumps-administration","23":"tag-rubriker","24":"tag-se","25":"tag-sections-varlden","26":"tag-svenska","27":"tag-sverige","28":"tag-sweden","29":"tag-swedish","30":"tag-top-stories","31":"tag-topstories","32":"tag-varlden","33":"tag-world","34":"tag-world-news","35":"tag-worldnews"},"share_on_mastodon":{"url":"","error":""},"_links":{"self":[{"href":"https:\/\/www.europesays.com\/se\/wp-json\/wp\/v2\/posts\/49091","targetHints":{"allow":["GET"]}}],"collection":[{"href":"https:\/\/www.europesays.com\/se\/wp-json\/wp\/v2\/posts"}],"about":[{"href":"https:\/\/www.europesays.com\/se\/wp-json\/wp\/v2\/types\/post"}],"author":[{"embeddable":true,"href":"https:\/\/www.europesays.com\/se\/wp-json\/wp\/v2\/users\/2"}],"replies":[{"embeddable":true,"href":"https:\/\/www.europesays.com\/se\/wp-json\/wp\/v2\/comments?post=49091"}],"version-history":[{"count":0,"href":"https:\/\/www.europesays.com\/se\/wp-json\/wp\/v2\/posts\/49091\/revisions"}],"wp:featuredmedia":[{"embeddable":true,"href":"https:\/\/www.europesays.com\/se\/wp-json\/wp\/v2\/media\/49092"}],"wp:attachment":[{"href":"https:\/\/www.europesays.com\/se\/wp-json\/wp\/v2\/media?parent=49091"}],"wp:term":[{"taxonomy":"category","embeddable":true,"href":"https:\/\/www.europesays.com\/se\/wp-json\/wp\/v2\/categories?post=49091"},{"taxonomy":"post_tag","embeddable":true,"href":"https:\/\/www.europesays.com\/se\/wp-json\/wp\/v2\/tags?post=49091"}],"curies":[{"name":"wp","href":"https:\/\/api.w.org\/{rel}","templated":true}]}}