{"id":49322,"date":"2025-10-07T09:17:14","date_gmt":"2025-10-07T09:17:14","guid":{"rendered":"https:\/\/www.europesays.com\/se\/49322\/"},"modified":"2025-10-07T09:17:14","modified_gmt":"2025-10-07T09:17:14","slug":"18-aring-doms-for-medhjalp-till-mord-pa-45-arig-man-i-bredang","status":"publish","type":"post","link":"https:\/\/www.europesays.com\/se\/49322\/","title":{"rendered":"18-\u00e5ring d\u00f6ms f\u00f6r medhj\u00e4lp till mord p\u00e5 45-\u00e5rig man i Bred\u00e4ng"},"content":{"rendered":"<p>Det var i maj 2024 som en trebarnspappa i 45-\u00e5rs\u00e5ldern <a href=\"https:\/\/www.svt.se\/nyheter\/lokalt\/stockholm\/mordet-i-bredang-tva-begars-haktade\" rel=\"nofollow noopener\" target=\"_blank\">sk\u00f6ts till d\u00f6ds i ett bostadsomr\u00e5de i Bred\u00e4ng. <\/a><\/p>\n<p>\u2013 Det \u00e4r fr\u00e5ga om en oerh\u00f6rt tragisk h\u00e4ndelse, d\u00e4r en man utan kopplingar till kriminalitet m\u00f6rdats p\u00e5 ett kallblodigt s\u00e4tt. Om den person som nu d\u00f6ms som medhj\u00e4lpare hade varit vuxen vid tidpunkten f\u00f6r mordet hade straffet f\u00f6r hans inblandning blivit ett mycket l\u00e5ngt f\u00e4ngelsestraff, s\u00e4ger Anna-Karin Larsson, en av juristdomarna i m\u00e5let.<\/p>\n<p>De tv\u00e5 ton\u00e5ringarna, en d\u00e5 17-\u00e5rig ung man och en d\u00e5 18-\u00e5rig man, greps och h\u00e4ktades, men friades i tingsr\u00e4tten d\u00e5 de inte kunde knytas till mordplatsen eller till skjutningen. Ist\u00e4llet d\u00f6mdes 17-\u00e5ringen till sluten ungdomsv\u00e5rd i ett \u00e5r och tv\u00e5 m\u00e5nader och 18-\u00e5ringen till f\u00e4ngelse i fyra \u00e5r f\u00f6r grovt vapenbrott. <\/p>\n<p>Sk\u00e4rpt straff f\u00f6r den yngre mannen<\/p>\n<p>Hovr\u00e4tten sk\u00e4rper nu straffet f\u00f6r den yngre mannen till tre och ett halvt \u00e5rs sluten ungdomsv\u00e5rd. F\u00f6rutom medhj\u00e4lp till mord, d\u00f6ms mannen f\u00f6r grovt narkotikabrott. Hovr\u00e4tten fastst\u00e4ller tingsr\u00e4ttens dom om grovt vapenbrott och fyra \u00e5rs f\u00e4ngelse f\u00f6r den \u00e4ldre mannen.<\/p>\n<p>En tidigare misshandel som offret utsatts f\u00f6r 2022, bed\u00f6mdes av tingsr\u00e4tten ha hedersmotiv. Detta avslogs dock av hovr\u00e4tten som inte ans\u00e5g att det fanns bevis f\u00f6r att misshandeln varit hedersrelaterad.<\/p>\n<p>Artikeln uppdateras.<\/p>\n","protected":false},"excerpt":{"rendered":"Det var i maj 2024 som en trebarnspappa i 45-\u00e5rs\u00e5ldern sk\u00f6ts till d\u00f6ds i ett bostadsomr\u00e5de i Bred\u00e4ng.&hellip;\n","protected":false},"author":2,"featured_media":49323,"comment_status":"","ping_status":"","sticky":false,"template":"","format":"standard","meta":{"footnotes":""},"categories":[5],"tags":[22,23,26,27,17,21,24,25,28,29,15,16,18,34,31,33,32,30,19,20],"class_list":{"0":"post-49322","1":"post","2":"type-post","3":"status-publish","4":"format-standard","5":"has-post-thumbnail","7":"category-rubriker","8":"tag-breaking-news","9":"tag-breakingnews","10":"tag-featured-news","11":"tag-featurednews","12":"tag-headlines","13":"tag-huvudnyheter","14":"tag-latest-news","15":"tag-latestnews","16":"tag-main-news","17":"tag-mainnews","18":"tag-news","19":"tag-nyheter","20":"tag-rubriker","21":"tag-se","22":"tag-svenska","23":"tag-sverige","24":"tag-sweden","25":"tag-swedish","26":"tag-top-stories","27":"tag-topstories"},"share_on_mastodon":{"url":"","error":""},"_links":{"self":[{"href":"https:\/\/www.europesays.com\/se\/wp-json\/wp\/v2\/posts\/49322","targetHints":{"allow":["GET"]}}],"collection":[{"href":"https:\/\/www.europesays.com\/se\/wp-json\/wp\/v2\/posts"}],"about":[{"href":"https:\/\/www.europesays.com\/se\/wp-json\/wp\/v2\/types\/post"}],"author":[{"embeddable":true,"href":"https:\/\/www.europesays.com\/se\/wp-json\/wp\/v2\/users\/2"}],"replies":[{"embeddable":true,"href":"https:\/\/www.europesays.com\/se\/wp-json\/wp\/v2\/comments?post=49322"}],"version-history":[{"count":0,"href":"https:\/\/www.europesays.com\/se\/wp-json\/wp\/v2\/posts\/49322\/revisions"}],"wp:featuredmedia":[{"embeddable":true,"href":"https:\/\/www.europesays.com\/se\/wp-json\/wp\/v2\/media\/49323"}],"wp:attachment":[{"href":"https:\/\/www.europesays.com\/se\/wp-json\/wp\/v2\/media?parent=49322"}],"wp:term":[{"taxonomy":"category","embeddable":true,"href":"https:\/\/www.europesays.com\/se\/wp-json\/wp\/v2\/categories?post=49322"},{"taxonomy":"post_tag","embeddable":true,"href":"https:\/\/www.europesays.com\/se\/wp-json\/wp\/v2\/tags?post=49322"}],"curies":[{"name":"wp","href":"https:\/\/api.w.org\/{rel}","templated":true}]}}