{"id":49354,"date":"2025-10-07T09:58:22","date_gmt":"2025-10-07T09:58:22","guid":{"rendered":"https:\/\/www.europesays.com\/se\/49354\/"},"modified":"2025-10-07T09:58:22","modified_gmt":"2025-10-07T09:58:22","slug":"elon-musk-vantas-presentera-ny-modell-av-tesla-i-dag","status":"publish","type":"post","link":"https:\/\/www.europesays.com\/se\/49354\/","title":{"rendered":"Elon Musk v\u00e4ntas presentera ny modell av Tesla i dag"},"content":{"rendered":"<p>Publicerad 7 okt 2025 kl 07.55Uppdaterad kl 08.35<\/p>\n<p>En billigare variant av Model Y utan vissa finesser och med andra materialval \u00e4n ursprungsmodellen.\u00a0<\/p>\n<p>Det \u00e4r f\u00f6rhandstipsen n\u00e4r nu Tesla v\u00e4ntas lansera en ny bil.\u00a0<\/p>\n<p>Morgonkoll: Tokyob\u00f6rsen sl\u00e5r rekord f\u00f6r andra dagen i f\u00f6ljd<img   alt=\"\"\/><\/p>\n<p>Elon Musk.<\/p>\n<p>Foto: ALI HAIDER \/ EPA<\/p>\n<p>\u00d6ppna bild i helsk\u00e4rm<\/p>\n<p>F\u00f6retaget har hittills bara gett ledtr\u00e5dar i form av en korta videor p\u00e5 X d\u00e4r endast bilstr\u00e5lkastarna respektive vad som verkar vara en snurrande f\u00e4lg syns. K\u00e4llor till nyhetsbyr\u00e5n Bloomberg uppger dock att under dagen, kalifornisk tid, ska den nya modellen presenteras.<\/p>\n<p>Under en l\u00e4ngre tid har det dock spekulerats om att <a href=\"https:\/\/www.expressen.se\/tagg\/person\/elon-musk\/\" class=\"\" rel=\"nofollow noopener\" target=\"_blank\">Elon Musk<\/a> och Tesla vill lansera en billigare variant, bland annat f\u00f6r att kompensera f\u00f6r indraget st\u00f6d g\u00e4llande elbilsk\u00f6p p\u00e5 den viktiga USA-marknaden, d\u00e4r k\u00f6parna tidigare kunnat f\u00e5 7\u00a0500 dollar i statlig bonus. K\u00e4llorna uppger att det handlar om en variant av stors\u00e4ljaren Model Y, d\u00e4r n\u00e5gra av de mest exklusiva materialvalen nu tagits bort f\u00f6r att h\u00e5lla nere produktionskostnaderna.\u00a0<\/p>\n<p>Ryktena fick aktien att lyfta under g\u00e5rdagens handel, och Tesla-aktien \u00e4r en av de stora vinnarna i samband med den kursuppg\u00e5ng som pr\u00e4glat USA-b\u00f6rserna den senaste tiden. Under det senaste halv\u00e5ret \u00e4r den upp 94 procent, och har sedan \u00e5rsl\u00e4gsta i maj f\u00f6rdubblat sitt v\u00e4rde.<\/p>\n","protected":false},"excerpt":{"rendered":"Publicerad 7 okt 2025 kl 07.55Uppdaterad kl 08.35 En billigare variant av Model Y utan vissa finesser och&hellip;\n","protected":false},"author":2,"featured_media":49355,"comment_status":"","ping_status":"","sticky":false,"template":"","format":"standard","meta":{"footnotes":""},"categories":[5],"tags":[22,23,26,27,17,21,24,25,28,29,15,16,2062,984,18,34,31,33,32,30,19,4923,2063,101,20],"class_list":{"0":"post-49354","1":"post","2":"type-post","3":"status-publish","4":"format-standard","5":"has-post-thumbnail","7":"category-rubriker","8":"tag-breaking-news","9":"tag-breakingnews","10":"tag-featured-news","11":"tag-featurednews","12":"tag-headlines","13":"tag-huvudnyheter","14":"tag-latest-news","15":"tag-latestnews","16":"tag-main-news","17":"tag-mainnews","18":"tag-news","19":"tag-nyheter","20":"tag-organization-tesla","21":"tag-person-elon-musk","22":"tag-rubriker","23":"tag-se","24":"tag-svenska","25":"tag-sverige","26":"tag-sweden","27":"tag-swedish","28":"tag-top-stories","29":"tag-topic-bilforsaljning","30":"tag-topic-bilindustri","31":"tag-topic-elbil","32":"tag-topstories"},"share_on_mastodon":{"url":"","error":""},"_links":{"self":[{"href":"https:\/\/www.europesays.com\/se\/wp-json\/wp\/v2\/posts\/49354","targetHints":{"allow":["GET"]}}],"collection":[{"href":"https:\/\/www.europesays.com\/se\/wp-json\/wp\/v2\/posts"}],"about":[{"href":"https:\/\/www.europesays.com\/se\/wp-json\/wp\/v2\/types\/post"}],"author":[{"embeddable":true,"href":"https:\/\/www.europesays.com\/se\/wp-json\/wp\/v2\/users\/2"}],"replies":[{"embeddable":true,"href":"https:\/\/www.europesays.com\/se\/wp-json\/wp\/v2\/comments?post=49354"}],"version-history":[{"count":0,"href":"https:\/\/www.europesays.com\/se\/wp-json\/wp\/v2\/posts\/49354\/revisions"}],"wp:featuredmedia":[{"embeddable":true,"href":"https:\/\/www.europesays.com\/se\/wp-json\/wp\/v2\/media\/49355"}],"wp:attachment":[{"href":"https:\/\/www.europesays.com\/se\/wp-json\/wp\/v2\/media?parent=49354"}],"wp:term":[{"taxonomy":"category","embeddable":true,"href":"https:\/\/www.europesays.com\/se\/wp-json\/wp\/v2\/categories?post=49354"},{"taxonomy":"post_tag","embeddable":true,"href":"https:\/\/www.europesays.com\/se\/wp-json\/wp\/v2\/tags?post=49354"}],"curies":[{"name":"wp","href":"https:\/\/api.w.org\/{rel}","templated":true}]}}