{"id":49389,"date":"2025-10-07T11:02:16","date_gmt":"2025-10-07T11:02:16","guid":{"rendered":"https:\/\/www.europesays.com\/se\/49389\/"},"modified":"2025-10-07T11:02:16","modified_gmt":"2025-10-07T11:02:16","slug":"jula-oppnar-varuhus-i-harnosand","status":"publish","type":"post","link":"https:\/\/www.europesays.com\/se\/49389\/","title":{"rendered":"Jula \u00f6ppnar varuhus i H\u00e4rn\u00f6sand"},"content":{"rendered":"<p class=\"normal\">\u2013 Det h\u00e4r \u00e4r ett mycket gl\u00e4djande besked f\u00f6r H\u00e4rn\u00f6sand. Julas etablering visar att vi \u00e4r en attraktiv plats f\u00f6r handel och investeringar. Det st\u00e4rker inte bara Ankaret som handelsplats utan knyter ihop stadens handelsutbud och g\u00f6r H\u00e4rn\u00f6sand \u00e4nnu mer intressant f\u00f6r nya etableringar fram\u00f6ver, s\u00e4ger kommunstyrelsens ordf\u00f6rande Jonas Bergstr\u00f6m (S).<\/p>\n<p class=\"normal\">Kommunens arbete med att utveckla omr\u00e5det startade redan 2021 i dialog med ICA Fastigheter. M\u00e5let var att fylla lediga lokaler och st\u00e4rka omr\u00e5det som handelsplats. Under 2022 blev Jula en del av processen och tillsammans med ICA och kommunen har man arbetat f\u00f6r att g\u00f6ra etableringen m\u00f6jlig.<\/p>\n<p>Ny detaljplan<\/p>\n<p class=\"normal\">Bland annat har en ny detaljplan tagits fram som till\u00e5ter en utbyggnad av den befintliga byggnaden f\u00f6r att rymma Julas etablering. En ans\u00f6kan om bygglov har precis l\u00e4mnats in.<\/p>\n<p class=\"normal\">\u2013 Den h\u00e4r etableringen \u00e4r resultatet av l\u00e5ngsiktighet och uth\u00e5llighet. Att etablera nya akt\u00f6rer kr\u00e4ver t\u00e5lamod och n\u00e4ra samverkan mellan m\u00e5nga parter. Vi har haft en mycket bra dialog med ICA Fastigheter, Jula och ICA Maxi H\u00e4rn\u00f6sand under hela resan och nu ser vi fram emot att ta n\u00e4sta steg, s\u00e4ger Ola Nilsson, etableringsstrateg i H\u00e4rn\u00f6sands kommun.<\/p>\n<p>&#8221;Mycket god dialog med kommunen&#8221;<\/p>\n<p class=\"normal\">Han f\u00e5r medh\u00e5ll av Johan Carlberg, vd f\u00f6r Julas fastighetsbolag G&amp;K Blanks, som i ett pressmeddelande s\u00e4ger att han \u201dser stor potential i H\u00e4rn\u00f6sand och har en mycket god dialog med kommunen. V\u00e5r ambition \u00e4r att, i samverkan med lokala akt\u00f6rer, utveckla en attraktiv handelsplats f\u00f6r b\u00e5de inv\u00e5nare och bes\u00f6kare\u201d.<\/p>\n<p class=\"normal\">\u2013 Vi hoppas och tror att Julas beslut inspirerar fler f\u00f6retag att v\u00e4lja H\u00e4rn\u00f6sand. V\u00e5r ambition \u00e4r att tillsammans med fastighets\u00e4gare och n\u00e4ringsliv forts\u00e4tta utveckla starka och l\u00e5ngsiktiga handelsplatser som skapar nytta f\u00f6r b\u00e5de inv\u00e5nare och bes\u00f6kare, s\u00e4ger kommunstyrelsens ordf\u00f6rande Jonas Bergstr\u00f6m.<\/p>\n","protected":false},"excerpt":{"rendered":"\u2013 Det h\u00e4r \u00e4r ett mycket gl\u00e4djande besked f\u00f6r H\u00e4rn\u00f6sand. Julas etablering visar att vi \u00e4r en attraktiv&hellip;\n","protected":false},"author":2,"featured_media":49390,"comment_status":"","ping_status":"","sticky":false,"template":"","format":"standard","meta":{"footnotes":""},"categories":[5],"tags":[4928,22,23,26,27,17,21,3030,4927,24,25,28,29,15,16,18,34,31,33,32,30,19,20],"class_list":{"0":"post-49389","1":"post","2":"type-post","3":"status-publish","4":"format-standard","5":"has-post-thumbnail","7":"category-rubriker","8":"tag-ankaret","9":"tag-breaking-news","10":"tag-breakingnews","11":"tag-featured-news","12":"tag-featurednews","13":"tag-headlines","14":"tag-huvudnyheter","15":"tag-ica","16":"tag-jula","17":"tag-latest-news","18":"tag-latestnews","19":"tag-main-news","20":"tag-mainnews","21":"tag-news","22":"tag-nyheter","23":"tag-rubriker","24":"tag-se","25":"tag-svenska","26":"tag-sverige","27":"tag-sweden","28":"tag-swedish","29":"tag-top-stories","30":"tag-topstories"},"share_on_mastodon":{"url":"","error":""},"_links":{"self":[{"href":"https:\/\/www.europesays.com\/se\/wp-json\/wp\/v2\/posts\/49389","targetHints":{"allow":["GET"]}}],"collection":[{"href":"https:\/\/www.europesays.com\/se\/wp-json\/wp\/v2\/posts"}],"about":[{"href":"https:\/\/www.europesays.com\/se\/wp-json\/wp\/v2\/types\/post"}],"author":[{"embeddable":true,"href":"https:\/\/www.europesays.com\/se\/wp-json\/wp\/v2\/users\/2"}],"replies":[{"embeddable":true,"href":"https:\/\/www.europesays.com\/se\/wp-json\/wp\/v2\/comments?post=49389"}],"version-history":[{"count":0,"href":"https:\/\/www.europesays.com\/se\/wp-json\/wp\/v2\/posts\/49389\/revisions"}],"wp:featuredmedia":[{"embeddable":true,"href":"https:\/\/www.europesays.com\/se\/wp-json\/wp\/v2\/media\/49390"}],"wp:attachment":[{"href":"https:\/\/www.europesays.com\/se\/wp-json\/wp\/v2\/media?parent=49389"}],"wp:term":[{"taxonomy":"category","embeddable":true,"href":"https:\/\/www.europesays.com\/se\/wp-json\/wp\/v2\/categories?post=49389"},{"taxonomy":"post_tag","embeddable":true,"href":"https:\/\/www.europesays.com\/se\/wp-json\/wp\/v2\/tags?post=49389"}],"curies":[{"name":"wp","href":"https:\/\/api.w.org\/{rel}","templated":true}]}}