{"id":49399,"date":"2025-10-07T11:23:16","date_gmt":"2025-10-07T11:23:16","guid":{"rendered":"https:\/\/www.europesays.com\/se\/49399\/"},"modified":"2025-10-07T11:23:16","modified_gmt":"2025-10-07T11:23:16","slug":"c-vill-satsa-miljarder-pa-sankt-arbetsgivaravgift","status":"publish","type":"post","link":"https:\/\/www.europesays.com\/se\/49399\/","title":{"rendered":"C vill satsa miljarder p\u00e5 s\u00e4nkt arbetsgivaravgift"},"content":{"rendered":"<p>Centerpartiet satsar tio miljarder kronor i sin skuggbudget p\u00e5 slopade arbetsgivaravgifter f\u00f6r unga och personer med l\u00e5ga ing\u00e5ngsl\u00f6ner. Reformf\u00f6rslaget \u00e4r en del av ett st\u00f6rre paket p\u00e5 18 miljarder som syftar till att h\u00f6ja tillv\u00e4xten och s\u00e4nka arbetsl\u00f6sheten, rapporterar TT.<\/p>\n<p>\u2013 Jobben kommer att skapas av de m\u00e4nniskor som v\u00e5gar starta, v\u00e5gar v\u00e4xa och som v\u00e5gar anst\u00e4lla, s\u00e4ger partiledaren Anna-Karin Hatt p\u00e5 en presstr\u00e4ff.<\/p>\n<p>Partiet f\u00f6resl\u00e5r ocks\u00e5 att arbetsgivaravgiften tas bort f\u00f6r l\u00e5ngtidsarbetsl\u00f6sa och f\u00f6r sm\u00e5f\u00f6retag.<\/p>\n<p>Reformen finansieras genom bland annat en ny modell f\u00f6r a-kassan, nej till s\u00e4nkt maxtaxa p\u00e5 f\u00f6rskolan och ett slopat \u00e5tervandringsbidrag.<\/p>\n<p>Centerpartiet bed\u00f6mer att reformutrymmet \u00e4r 70 miljarder kronor, vilket \u00e4r tio miljarder mindre \u00e4n regeringen. <\/p>\n<p>Omni \u00e4r politiskt obundna och oberoende. Vi str\u00e4var efter att ge fler perspektiv p\u00e5 nyheterna. Har du fr\u00e5gor eller synpunkter kring v\u00e5r rapportering? <a href=\"https:\/\/omni.se\/c-vill-satsa-miljarder-pa-sankt-arbetsgivaravgift\/a\/mailto:redaktion@omni.se\" class=\"ArticleActions_contactLink__W2F1M\" rel=\"nofollow noopener\" target=\"_blank\">Kontakta redaktionen<\/a><\/p>\n","protected":false},"excerpt":{"rendered":"Centerpartiet satsar tio miljarder kronor i sin skuggbudget p\u00e5 slopade arbetsgivaravgifter f\u00f6r unga och personer med l\u00e5ga ing\u00e5ngsl\u00f6ner.&hellip;\n","protected":false},"author":2,"featured_media":49400,"comment_status":"","ping_status":"","sticky":false,"template":"","format":"standard","meta":{"footnotes":""},"categories":[5],"tags":[2763,720,1435,22,23,1983,807,26,27,17,21,24,25,28,29,15,16,369,18,34,31,33,32,30,19,20],"class_list":{"0":"post-49399","1":"post","2":"type-post","3":"status-publish","4":"format-standard","5":"has-post-thumbnail","7":"category-rubriker","8":"tag-anna-karin-hatt","9":"tag-arbetsmarknad","10":"tag-arbetsmarknadspolitik","11":"tag-breaking-news","12":"tag-breakingnews","13":"tag-centerpartiet","14":"tag-ekonomisk-politik","15":"tag-featured-news","16":"tag-featurednews","17":"tag-headlines","18":"tag-huvudnyheter","19":"tag-latest-news","20":"tag-latestnews","21":"tag-main-news","22":"tag-mainnews","23":"tag-news","24":"tag-nyheter","25":"tag-politik","26":"tag-rubriker","27":"tag-se","28":"tag-svenska","29":"tag-sverige","30":"tag-sweden","31":"tag-swedish","32":"tag-top-stories","33":"tag-topstories"},"share_on_mastodon":{"url":"","error":""},"_links":{"self":[{"href":"https:\/\/www.europesays.com\/se\/wp-json\/wp\/v2\/posts\/49399","targetHints":{"allow":["GET"]}}],"collection":[{"href":"https:\/\/www.europesays.com\/se\/wp-json\/wp\/v2\/posts"}],"about":[{"href":"https:\/\/www.europesays.com\/se\/wp-json\/wp\/v2\/types\/post"}],"author":[{"embeddable":true,"href":"https:\/\/www.europesays.com\/se\/wp-json\/wp\/v2\/users\/2"}],"replies":[{"embeddable":true,"href":"https:\/\/www.europesays.com\/se\/wp-json\/wp\/v2\/comments?post=49399"}],"version-history":[{"count":0,"href":"https:\/\/www.europesays.com\/se\/wp-json\/wp\/v2\/posts\/49399\/revisions"}],"wp:featuredmedia":[{"embeddable":true,"href":"https:\/\/www.europesays.com\/se\/wp-json\/wp\/v2\/media\/49400"}],"wp:attachment":[{"href":"https:\/\/www.europesays.com\/se\/wp-json\/wp\/v2\/media?parent=49399"}],"wp:term":[{"taxonomy":"category","embeddable":true,"href":"https:\/\/www.europesays.com\/se\/wp-json\/wp\/v2\/categories?post=49399"},{"taxonomy":"post_tag","embeddable":true,"href":"https:\/\/www.europesays.com\/se\/wp-json\/wp\/v2\/tags?post=49399"}],"curies":[{"name":"wp","href":"https:\/\/api.w.org\/{rel}","templated":true}]}}