{"id":49411,"date":"2025-10-07T11:33:07","date_gmt":"2025-10-07T11:33:07","guid":{"rendered":"https:\/\/www.europesays.com\/se\/49411\/"},"modified":"2025-10-07T11:33:07","modified_gmt":"2025-10-07T11:33:07","slug":"hakan-mild-angrar-motet-med-huliganer-bara-dumt","status":"publish","type":"post","link":"https:\/\/www.europesays.com\/se\/49411\/","title":{"rendered":"H\u00e5kan Mild \u00e5ngrar m\u00f6tet med huliganer: \u201dBara dumt\u201d"},"content":{"rendered":"<p>IFK G\u00f6teborgs avg\u00e5ende klubbdirekt\u00f6r H\u00e5kan Mild s\u00e4ger i en intervju med DN att han kanske var \u201dlite naiv\u201d n\u00e4r han fick rollen f\u00f6r fem \u00e5r sedan. <\/p>\n<p>\u2013 Jag \u00e4r inte den som \u00e5ngrar saker, det \u00e4r meningsl\u00f6st, men ja, det finns vissa beslut som jag borde ha fattat snabbare och det finns m\u00f6ten som jag inte skulle ha tagit.<\/p>\n<p>Han syftar p\u00e5 att han tr\u00e4ffade representanter fr\u00e5n huligangrupperingen Wisemen i vintras. Mild s\u00e4ger att det \u201dfyllde noll funktion och bara var dumt\u201d.<\/p>\n<p>Efter m\u00f6tet uppr\u00e4ttade fotbollsklubben en polisanm\u00e4lan om f\u00f6rtal, olaga hot och ofredande. F\u00f6rra veckan meddelade polisen att f\u00f6runders\u00f6kningen l\u00e4ggs ner. <\/p>\n<p>Omni \u00e4r politiskt obundna och oberoende. Vi str\u00e4var efter att ge fler perspektiv p\u00e5 nyheterna. Har du fr\u00e5gor eller synpunkter kring v\u00e5r rapportering? <a href=\"https:\/\/omni.se\/hakan-mild-angrar-motet-med-huliganer-bara-dumt\/a\/mailto:redaktion@omni.se\" class=\"ArticleActions_contactLink__W2F1M\" rel=\"nofollow noopener\" target=\"_blank\">Kontakta redaktionen<\/a><\/p>\n","protected":false},"excerpt":{"rendered":"IFK G\u00f6teborgs avg\u00e5ende klubbdirekt\u00f6r H\u00e5kan Mild s\u00e4ger i en intervju med DN att han kanske var \u201dlite naiv\u201d&hellip;\n","protected":false},"author":2,"featured_media":49412,"comment_status":"","ping_status":"","sticky":false,"template":"","format":"standard","meta":{"footnotes":""},"categories":[68],"tags":[458,138,3900,1102,34,111,110,31,33,32,30],"class_list":{"0":"post-49411","1":"post","2":"type-post","3":"status-publish","4":"format-standard","5":"has-post-thumbnail","7":"category-sport","8":"tag-allsvenskan-i-fotboll","9":"tag-fotboll","10":"tag-hakan-mild","11":"tag-ifk-goteborg","12":"tag-se","13":"tag-sport","14":"tag-sports","15":"tag-svenska","16":"tag-sverige","17":"tag-sweden","18":"tag-swedish"},"share_on_mastodon":{"url":"","error":""},"_links":{"self":[{"href":"https:\/\/www.europesays.com\/se\/wp-json\/wp\/v2\/posts\/49411","targetHints":{"allow":["GET"]}}],"collection":[{"href":"https:\/\/www.europesays.com\/se\/wp-json\/wp\/v2\/posts"}],"about":[{"href":"https:\/\/www.europesays.com\/se\/wp-json\/wp\/v2\/types\/post"}],"author":[{"embeddable":true,"href":"https:\/\/www.europesays.com\/se\/wp-json\/wp\/v2\/users\/2"}],"replies":[{"embeddable":true,"href":"https:\/\/www.europesays.com\/se\/wp-json\/wp\/v2\/comments?post=49411"}],"version-history":[{"count":0,"href":"https:\/\/www.europesays.com\/se\/wp-json\/wp\/v2\/posts\/49411\/revisions"}],"wp:featuredmedia":[{"embeddable":true,"href":"https:\/\/www.europesays.com\/se\/wp-json\/wp\/v2\/media\/49412"}],"wp:attachment":[{"href":"https:\/\/www.europesays.com\/se\/wp-json\/wp\/v2\/media?parent=49411"}],"wp:term":[{"taxonomy":"category","embeddable":true,"href":"https:\/\/www.europesays.com\/se\/wp-json\/wp\/v2\/categories?post=49411"},{"taxonomy":"post_tag","embeddable":true,"href":"https:\/\/www.europesays.com\/se\/wp-json\/wp\/v2\/tags?post=49411"}],"curies":[{"name":"wp","href":"https:\/\/api.w.org\/{rel}","templated":true}]}}