{"id":49420,"date":"2025-10-07T11:41:07","date_gmt":"2025-10-07T11:41:07","guid":{"rendered":"https:\/\/www.europesays.com\/se\/49420\/"},"modified":"2025-10-07T11:41:07","modified_gmt":"2025-10-07T11:41:07","slug":"djurgarden-intresserat-av-degerfors-dijan-vukojevic","status":"publish","type":"post","link":"https:\/\/www.europesays.com\/se\/49420\/","title":{"rendered":"Djurg\u00e5rden intresserat av Degerfors Dijan Vukojevic"},"content":{"rendered":"<p><strong>Det har inte ens g\u00e5tt ett par m\u00e5nader sedan <a href=\"https:\/\/fotbolldirekt.se\/spelare\/dijan-vukojevic\/\" rel=\"nofollow noopener\" target=\"_blank\">Dijan Vukojevi\u0107<\/a>, 30, kom fr\u00e5n Polen till Degerfors.\u00a0<br \/>Nu har anfallaren gjort fyra m\u00e5l p\u00e5 lika m\u00e5nga matcher \u2013 och det senaste mot <a href=\"https:\/\/fotbolldirekt.se\/klubb\/djurgardens-if\/\" rel=\"nofollow noopener\" target=\"_blank\">Djurg\u00e5rden<\/a>.\u00a0<br \/>Enligt FotbollDirekts uppgifter \u00e4r Vukojevi\u0107 nu intressant f\u00f6r Bosse Andersson.\u00a0<\/strong><\/p>\n<p><img loading=\"lazy\" decoding=\"async\" width=\"1024\" height=\"576\" src=\"https:\/\/www.europesays.com\/se\/wp-content\/uploads\/2025\/10\/vukojevic-bosse-1024x576.jpg\" alt=\"\" class=\"wp-image-326559\"  \/>Foto: Bildbyr\u00e5n<\/p>\n<p>I fjol fl\u00f6g han fram och sk\u00f6t in det avg\u00f6rande m\u00e5let som gjorde <a href=\"https:\/\/fotbolldirekt.se\/klubb\/degerfors-if\/\" rel=\"nofollow noopener\" target=\"_blank\"><strong>Degerfors<\/strong><\/a> till ett allsvenskt lag igen och tog \u00e4ven hem skytteligan i superettan. Nu \u00e4r Dijan Vukojevi\u0107 tillbaka p\u00e5 Stora Valla efter att ha l\u00e4mnat polska Wieczysta Krakow i slutet av augusti, och i helgen <a href=\"https:\/\/fotbolldirekt.se\/allsvenskan\/just-nu-matchen-ar-igang\/\" rel=\"nofollow noopener\" target=\"_blank\">slog han till mot Djurg\u00e5rden<\/a> n\u00e4r han kvitterade minuten f\u00f6re slutet.\u00a0<\/p>\n<p>Nu kan han bli aktuell f\u00f6r just Dif \u2013 om <strong><a href=\"https:\/\/fotbolldirekt.se\/spelare\/august-priske\/\" rel=\"nofollow noopener\" target=\"_blank\">August Priske<\/a><\/strong> s\u00e4ljs i n\u00e4sta f\u00f6nster.\u00a0<\/p>\n<p>Efter helgens match kom stora ord fr\u00e5n tr\u00e4nare Henok Goitom som beskrev den 30-\u00e5rige anfallaren som h\u00f6g klass.<\/p>\n<p>\u2013 Det \u00e4r klass. P\u00e5 m\u00e5let tror jag det \u00e4r flera djurg\u00e5rdsspelare som vet om att han kan skjuta, men \u00e4nd\u00e5 hittar han ett l\u00e4ge med sin v\u00e4nsterfot, sa Degerfors-tr\u00e4naren enligt <a href=\"https:\/\/www.expressen.se\/sport\/fotboll\/allsvenskan\/vukojevic-skanker-hopp-at-degerfors--och-hyllas-klass\/\" rel=\"nofollow noopener\" target=\"_blank\">Expressen<\/a>. <\/p>\n<p><img loading=\"lazy\" decoding=\"async\" width=\"1024\" height=\"576\" src=\"https:\/\/www.europesays.com\/se\/wp-content\/uploads\/2025\/10\/vukojevic-1-1024x576.jpg\" alt=\"250927 Degerfors Dijan Vukojevic jublar efter fotbollsmatchen i Allsvenskan mellan Elfsborg och Degerfors den 27 september 2025 i Bor\u00e5s.&#10;\" class=\"wp-image-326562\"  \/>Dijan Vukojevic efter matchen mot Elfsborg. Foto: Bildbyr\u00e5n<\/p>\n<p>Kan v\u00e4rvas gratis<\/p>\n<p>Och s\u00e5 ser allts\u00e5 \u00e4ven Bosse Andersson ut att se p\u00e5 det.\u00a0Enligt FotbollDirekts uppgifter har Djurg\u00e5rdens sportchef Vukojevi\u0107 som ett av flera alternativ inf\u00f6r januarif\u00f6nstret och uppges \u00e4ven se en Deniz H\u00fcmmet-influens.\u00a0<\/p>\n<p>Det nuvarande kontraktet med Degerfors, som skrevs i slutet av augusti, g\u00e4ller s\u00e4songen ut med en option om en \u00e5rsl\u00e5ng f\u00f6rl\u00e4ngning.\u00a0<\/p>\n<p>Dijan Vukojevi\u0107 har tidigare varit i klubbar som Slovakiens Spartak Trnava, polska Wiezysta Krakow och Norrby.<\/p>\n","protected":false},"excerpt":{"rendered":"Det har inte ens g\u00e5tt ett par m\u00e5nader sedan Dijan Vukojevi\u0107, 30, kom fr\u00e5n Polen till Degerfors.\u00a0Nu har&hellip;\n","protected":false},"author":2,"featured_media":49421,"comment_status":"","ping_status":"","sticky":false,"template":"","format":"standard","meta":{"footnotes":""},"categories":[68],"tags":[774,34,111,110,31,33,32,30],"class_list":{"0":"post-49420","1":"post","2":"type-post","3":"status-publish","4":"format-standard","5":"has-post-thumbnail","7":"category-sport","8":"tag-mini-top-block-1","9":"tag-se","10":"tag-sport","11":"tag-sports","12":"tag-svenska","13":"tag-sverige","14":"tag-sweden","15":"tag-swedish"},"share_on_mastodon":{"url":"","error":""},"_links":{"self":[{"href":"https:\/\/www.europesays.com\/se\/wp-json\/wp\/v2\/posts\/49420","targetHints":{"allow":["GET"]}}],"collection":[{"href":"https:\/\/www.europesays.com\/se\/wp-json\/wp\/v2\/posts"}],"about":[{"href":"https:\/\/www.europesays.com\/se\/wp-json\/wp\/v2\/types\/post"}],"author":[{"embeddable":true,"href":"https:\/\/www.europesays.com\/se\/wp-json\/wp\/v2\/users\/2"}],"replies":[{"embeddable":true,"href":"https:\/\/www.europesays.com\/se\/wp-json\/wp\/v2\/comments?post=49420"}],"version-history":[{"count":0,"href":"https:\/\/www.europesays.com\/se\/wp-json\/wp\/v2\/posts\/49420\/revisions"}],"wp:featuredmedia":[{"embeddable":true,"href":"https:\/\/www.europesays.com\/se\/wp-json\/wp\/v2\/media\/49421"}],"wp:attachment":[{"href":"https:\/\/www.europesays.com\/se\/wp-json\/wp\/v2\/media?parent=49420"}],"wp:term":[{"taxonomy":"category","embeddable":true,"href":"https:\/\/www.europesays.com\/se\/wp-json\/wp\/v2\/categories?post=49420"},{"taxonomy":"post_tag","embeddable":true,"href":"https:\/\/www.europesays.com\/se\/wp-json\/wp\/v2\/tags?post=49420"}],"curies":[{"name":"wp","href":"https:\/\/api.w.org\/{rel}","templated":true}]}}