{"id":49618,"date":"2025-10-07T15:48:17","date_gmt":"2025-10-07T15:48:17","guid":{"rendered":"https:\/\/www.europesays.com\/se\/49618\/"},"modified":"2025-10-07T15:48:17","modified_gmt":"2025-10-07T15:48:17","slug":"regeringen-oppnar-for-karnkraft-langs-hela-kusten","status":"publish","type":"post","link":"https:\/\/www.europesays.com\/se\/49618\/","title":{"rendered":"Regeringen \u00f6ppnar f\u00f6r k\u00e4rnkraft l\u00e4ngs hela kusten"},"content":{"rendered":"<p>Regeringen vill att k\u00e4rnkraftverk ska kunna byggas l\u00e4ngs hela Sveriges kustremsor och i sk\u00e4rg\u00e5rden. Det s\u00e4ger klimatminister Romina Pourmokhtari (L) till Aftonbladet.<\/p>\n<p>\u2013 K\u00e4rnkraften har blivit illa behandlad och f\u00f6rsummad i \u00e5rtionden. Men det har nu f\u00f6r\u00e4ndrats. En ny tillst\u00e5ndsprocess h\u00e5ller p\u00e5 att inf\u00f6ras, s\u00e4ger hon till tidningen.<\/p>\n<p>I dagsl\u00e4get \u00e4r en stor del av Sveriges kust skyddad fr\u00e5n industriella byggnationer. Det vill regeringen \u00e4ndra p\u00e5 genom att justera milj\u00f6balken. En remiss med detaljer i f\u00f6rslaget ska skickas ut under tisdagen med m\u00e5let att f\u00f6r\u00e4ndringarna ska tr\u00e4da i kraft i juli n\u00e4sta \u00e5r.<\/p>\n<p>Planen \u00e4r att slopa f\u00f6rbudet mot ny k\u00e4rnkraft i bland annat Bohusl\u00e4n, \u00d6land och Gotland samt Stockholms sk\u00e4rg\u00e5rd.<\/p>\n<p>Omni \u00e4r politiskt obundna och oberoende. Vi str\u00e4var efter att ge fler perspektiv p\u00e5 nyheterna. Har du fr\u00e5gor eller synpunkter kring v\u00e5r rapportering? <a href=\"https:\/\/omni.se\/regeringen-oppnar-for-karnkraft-langs-hela-kusten\/a\/mailto:redaktion@omni.se\" class=\"ArticleActions_contactLink__W2F1M\" rel=\"nofollow noopener\" target=\"_blank\">Kontakta redaktionen<\/a><\/p>\n","protected":false},"excerpt":{"rendered":"Regeringen vill att k\u00e4rnkraftverk ska kunna byggas l\u00e4ngs hela Sveriges kustremsor och i sk\u00e4rg\u00e5rden. Det s\u00e4ger klimatminister Romina&hellip;\n","protected":false},"author":2,"featured_media":49619,"comment_status":"","ping_status":"","sticky":false,"template":"","format":"standard","meta":{"footnotes":""},"categories":[12],"tags":[22,23,1426,26,27,17,21,528,24,25,28,29,15,16,369,3740,18,34,31,33,32,30,19,20],"class_list":{"0":"post-49618","1":"post","2":"type-post","3":"status-publish","4":"format-standard","5":"has-post-thumbnail","7":"category-sverige","8":"tag-breaking-news","9":"tag-breakingnews","10":"tag-energipolitik","11":"tag-featured-news","12":"tag-featurednews","13":"tag-headlines","14":"tag-huvudnyheter","15":"tag-klimat-miljo","16":"tag-latest-news","17":"tag-latestnews","18":"tag-main-news","19":"tag-mainnews","20":"tag-news","21":"tag-nyheter","22":"tag-politik","23":"tag-romina-pourmokhtari","24":"tag-rubriker","25":"tag-se","26":"tag-svenska","27":"tag-sverige","28":"tag-sweden","29":"tag-swedish","30":"tag-top-stories","31":"tag-topstories"},"share_on_mastodon":{"url":"","error":""},"_links":{"self":[{"href":"https:\/\/www.europesays.com\/se\/wp-json\/wp\/v2\/posts\/49618","targetHints":{"allow":["GET"]}}],"collection":[{"href":"https:\/\/www.europesays.com\/se\/wp-json\/wp\/v2\/posts"}],"about":[{"href":"https:\/\/www.europesays.com\/se\/wp-json\/wp\/v2\/types\/post"}],"author":[{"embeddable":true,"href":"https:\/\/www.europesays.com\/se\/wp-json\/wp\/v2\/users\/2"}],"replies":[{"embeddable":true,"href":"https:\/\/www.europesays.com\/se\/wp-json\/wp\/v2\/comments?post=49618"}],"version-history":[{"count":0,"href":"https:\/\/www.europesays.com\/se\/wp-json\/wp\/v2\/posts\/49618\/revisions"}],"wp:featuredmedia":[{"embeddable":true,"href":"https:\/\/www.europesays.com\/se\/wp-json\/wp\/v2\/media\/49619"}],"wp:attachment":[{"href":"https:\/\/www.europesays.com\/se\/wp-json\/wp\/v2\/media?parent=49618"}],"wp:term":[{"taxonomy":"category","embeddable":true,"href":"https:\/\/www.europesays.com\/se\/wp-json\/wp\/v2\/categories?post=49618"},{"taxonomy":"post_tag","embeddable":true,"href":"https:\/\/www.europesays.com\/se\/wp-json\/wp\/v2\/tags?post=49618"}],"curies":[{"name":"wp","href":"https:\/\/api.w.org\/{rel}","templated":true}]}}