{"id":49718,"date":"2025-10-07T18:08:07","date_gmt":"2025-10-07T18:08:07","guid":{"rendered":"https:\/\/www.europesays.com\/se\/49718\/"},"modified":"2025-10-07T18:08:07","modified_gmt":"2025-10-07T18:08:07","slug":"greta-thunberg-talar-pa-sergels-torg-pa-arsdagen-av-hamas-terror","status":"publish","type":"post","link":"https:\/\/www.europesays.com\/se\/49718\/","title":{"rendered":"Greta Thunberg talar p\u00e5 Sergels torg p\u00e5 \u00e5rsdagen av Hamas terror"},"content":{"rendered":"<p>Greta Thunberg och de andra aktivisterna \u00e4r tillbaka i Sverige.<\/p>\n<p>Nu talar de p\u00e5 Sergels torg i Stockholm.<\/p>\n<p>\u2013 Israel kidnappade och torterade oss, s\u00e4ger Greta Thunberg.<\/p>\n<p>H\u00e4r dyker Greta upp i kaoset p\u00e5 Arlanda.<img loading=\"lazy\"   alt=\"\"\/><\/p>\n<p>Greta Thunberg talar p\u00e5 Sergels torg under tisdagskv\u00e4llen.<\/p>\n<p>Foto: MAGNUS LEJHALL<\/p>\n<p>\u00d6ppna bild i helsk\u00e4rm<img loading=\"lazy\"   alt=\"\"\/><\/p>\n<p>Mycket folk har samlats i centrala Stockholm.<\/p>\n<p>Foto: Magnus Lejhall<\/p>\n<p>\u00d6ppna bild i helsk\u00e4rm<img loading=\"lazy\"   alt=\"\"\/><\/p>\n<p>Aktivisterna deporterades fr\u00e5n israel i m\u00e5ndags och anl\u00e4nde till Sverige under tisdagen.<\/p>\n<p>Foto: Magnus Lejhall<\/p>\n<p>\u00d6ppna bild i helsk\u00e4rm<img loading=\"lazy\"   alt=\"\"\/><\/p>\n<p>Andrea Stadra ber\u00e4ttar om frihetsber\u00f6vandet.<\/p>\n<p>\u00d6ppna bild i helsk\u00e4rm<\/p>\n<p>Svenskarna som suttit frihetsber\u00f6vade i Israel landade i Sverige p\u00e5 tisdagen. Vid 19-tiden b\u00f6rjade de tala inf\u00f6r en stor folksamling p\u00e5 Sergels torg i Stockholm.\u00a0<\/p>\n<p>\u2013 Tack till alla som f\u00f6ljt oss f\u00f6r st\u00f6det. Vi forts\u00e4tter kampen starkare \u00e4n n\u00e5gonsin, s\u00e4ger Irana Wilson, som f\u00f6rsta talare.<\/p>\n<p>N\u00e4r <a href=\"https:\/\/www.expressen.se\/tagg\/person\/greta-thunberg\/\" class=\"\" rel=\"nofollow noopener\" target=\"_blank\">Greta Thunberg<\/a> f\u00e5r ordet s\u00e4ger hon att hon inte vet vad hon ska s\u00e4ga.<\/p>\n<p>\u2013 Jag skulle kunna rada upp alla internationella lagar men alla verkar tro att Israel \u00e4r immuna mot internationell lag, s\u00e4ger Thunberg.<\/p>\n<p>\u201dKidnappade och torterade\u201d<\/p>\n<p>Hon s\u00e4ger att Israel \u201dinte bara kidnappade och torterade oss\u201d.<\/p>\n<p>\u2013 Men framf\u00f6r allt \u00e4r det ett eskalerande folkmord d\u00e4r Israel uttalat f\u00f6rs\u00f6ker radera hela Gazaremsan och det palestinska folket, s\u00e4ger Thunberg.<\/p>\n<p>Thunberg menar ocks\u00e5 att de inte fick n\u00e5got rent dricksvatten under dagarna i f\u00e4ngelset.<\/p>\n<p>Riksdagsledamoten Lorena Delgado Varas, tidigare V\u00e4nsterpartiet, h\u00e5ller upp ett halsband som hon s\u00e4ger att en palestinsk f\u00e5nge gjort av br\u00f6dsmulor.<\/p>\n<p>Hon kallar den svenska regeringen f\u00f6r \u201den skam\u201d.<\/p>\n<p>\u2013 De har inte ens gjort det minsta man kan g\u00f6ra som regering. De har makten att inf\u00f6ra vapenembargo, de har makten att uttala sig mot folkmordet. De v\u00e4ljer att inte g\u00f6ra det, s\u00e4ger hon p\u00e5 podiet.<\/p>\n<p>Lotta Eliason, 31, s\u00e4ger att hon blev \u201dsl\u00e4pad p\u00e5 det mest inhumana s\u00e4tt man kan sl\u00e4pa en m\u00e4nniska p\u00e5\u201d.<\/p>\n<p>\u2013 Jag har bl\u00e5m\u00e4rken p\u00e5 mina armar och handleder. Jag har bulor. Jag har en hand p\u00e5 min vad p\u00e5 grund av att de h\u00f6ll ner mig s\u00e5 h\u00e5rt, s\u00e4ger hon.<\/p>\n<p>Aktivisten: \u201dFruktansv\u00e4rda f\u00f6rh\u00e5llanden\u201d<\/p>\n<p>25-\u00e5riga Andrea Stadra s\u00e4ger att hon blev kidnappad av Israel.<\/p>\n<p>\u2013 Jag fick se hur illa soldaterna behandlade b\u00e5de oss svenskar och andra medborgare. Vi blev f\u00e4ngslade utan r\u00e4tteg\u00e5ng, utan kontakt med advokat eller anh\u00f6riga under fruktansv\u00e4rda f\u00f6rh\u00e5llanden, s\u00e4ger hon p\u00e5 scenen.<\/p>\n<p>Efter flera dagar i israelisk f\u00e5ngenskap deporterades Greta Thunberg och andra svenskarna fr\u00e5n Israel till Grekland under m\u00e5ndagen.<\/p>\n<p><img loading=\"lazy\"   alt=\"\"\/><\/p>\n<p>Lorena Delgado Varas, tidigare V\u00e4nsterpartiet.<\/p>\n<p>Foto: MAGNUS LEJHALL<\/p>\n<p>\u00d6ppna bild i helsk\u00e4rm<img loading=\"lazy\"   alt=\"\"\/><\/p>\n<p>Greta Thunberg.<\/p>\n<p>Foto: MAGNUS LEJHALL<\/p>\n<p>\u00d6ppna bild i helsk\u00e4rm<img loading=\"lazy\"   alt=\"\"\/><\/p>\n<p>Aktivisterna talade p\u00e5 Sergels torg under tisdagskv\u00e4llen.<\/p>\n<p>Foto: MAGNUS LEJHALL<\/p>\n<p>\u00d6ppna bild i helsk\u00e4rm<\/p>\n","protected":false},"excerpt":{"rendered":"Greta Thunberg och de andra aktivisterna \u00e4r tillbaka i Sverige. Nu talar de p\u00e5 Sergels torg i Stockholm.&hellip;\n","protected":false},"author":2,"featured_media":49719,"comment_status":"","ping_status":"","sticky":false,"template":"","format":"standard","meta":{"footnotes":""},"categories":[12],"tags":[22,23,26,27,17,21,24,25,4949,28,29,15,1552,16,1226,18,34,154,31,33,32,30,19,3187,20],"class_list":{"0":"post-49718","1":"post","2":"type-post","3":"status-publish","4":"format-standard","5":"has-post-thumbnail","7":"category-sverige","8":"tag-breaking-news","9":"tag-breakingnews","10":"tag-featured-news","11":"tag-featurednews","12":"tag-headlines","13":"tag-huvudnyheter","14":"tag-latest-news","15":"tag-latestnews","16":"tag-location-sergels-torg","17":"tag-main-news","18":"tag-mainnews","19":"tag-news","20":"tag-newsstory-kriget-mellan-hamas-och-israel","21":"tag-nyheter","22":"tag-person-greta-thunberg","23":"tag-rubriker","24":"tag-se","25":"tag-sections-sverige","26":"tag-svenska","27":"tag-sverige","28":"tag-sweden","29":"tag-swedish","30":"tag-top-stories","31":"tag-topic-demonstration-protest","32":"tag-topstories"},"share_on_mastodon":{"url":"","error":""},"_links":{"self":[{"href":"https:\/\/www.europesays.com\/se\/wp-json\/wp\/v2\/posts\/49718","targetHints":{"allow":["GET"]}}],"collection":[{"href":"https:\/\/www.europesays.com\/se\/wp-json\/wp\/v2\/posts"}],"about":[{"href":"https:\/\/www.europesays.com\/se\/wp-json\/wp\/v2\/types\/post"}],"author":[{"embeddable":true,"href":"https:\/\/www.europesays.com\/se\/wp-json\/wp\/v2\/users\/2"}],"replies":[{"embeddable":true,"href":"https:\/\/www.europesays.com\/se\/wp-json\/wp\/v2\/comments?post=49718"}],"version-history":[{"count":0,"href":"https:\/\/www.europesays.com\/se\/wp-json\/wp\/v2\/posts\/49718\/revisions"}],"wp:featuredmedia":[{"embeddable":true,"href":"https:\/\/www.europesays.com\/se\/wp-json\/wp\/v2\/media\/49719"}],"wp:attachment":[{"href":"https:\/\/www.europesays.com\/se\/wp-json\/wp\/v2\/media?parent=49718"}],"wp:term":[{"taxonomy":"category","embeddable":true,"href":"https:\/\/www.europesays.com\/se\/wp-json\/wp\/v2\/categories?post=49718"},{"taxonomy":"post_tag","embeddable":true,"href":"https:\/\/www.europesays.com\/se\/wp-json\/wp\/v2\/tags?post=49718"}],"curies":[{"name":"wp","href":"https:\/\/api.w.org\/{rel}","templated":true}]}}