{"id":49808,"date":"2025-10-07T19:51:15","date_gmt":"2025-10-07T19:51:15","guid":{"rendered":"https:\/\/www.europesays.com\/se\/49808\/"},"modified":"2025-10-07T19:51:15","modified_gmt":"2025-10-07T19:51:15","slug":"danmark-vill-forbjuda-sociala-medier-for-under-15-aringar-utrikes","status":"publish","type":"post","link":"https:\/\/www.europesays.com\/se\/49808\/","title":{"rendered":"Danmark vill f\u00f6rbjuda sociala medier f\u00f6r under 15-\u00e5ringar | Utrikes"},"content":{"rendered":"<p class=\"aw-1gybjub aw-5vja16 cmIuaG zKETg yle__article__paragraph\">\u201dVi har sl\u00e4ppt l\u00f6s ett monster\u201d, s\u00e4ger danska statsministern Mette Frederiksen om mobil\u00adtelefonernas roll i barns och ungas liv.<\/p>\n<p><img decoding=\"async\" alt=\"Danmarks statsminister Mette Frederiksen kl\u00e4dd i bl\u00e5tt i ett talarpodium med en dansk flagga intill sig.\" src=\"https:\/\/www.europesays.com\/se\/wp-content\/uploads\/2025\/10\/39-152072168c27c4cd27af.jpeg\" class=\"aw-1l9m598 hKVVvP\"\/><\/p>\n<p>\u00d6ppna bildvisare<\/p>\n<p>Danmarks statsminister Mette Frederiksen vill ha skarpare lagstiftning som skyddar unga mot sociala medier. Bild: Guillaume Horcajuelo \/ EPALyssna (du h\u00f6r en artificiell r\u00f6st) 2:39<\/p>\n<p class=\"aw-1gybjub aw-1p7kakr cmIuaG fmSRng yle__article__paragraph\">Danmarks regering har planer p\u00e5 att f\u00f6rbjuda flera sociala medier f\u00f6r barn och unga under 15 \u00e5r. F\u00f6r\u00e4ldrar ska dock kunna ge sina barn tillst\u00e5nd fr\u00e5n att de fyllt 13.<\/p>\n<p class=\"aw-1gybjub aw-1p7kakr cmIuaG fmSRng yle__article__paragraph\">\u2013 Mobiltelefonen och sociala medier stj\u00e4l v\u00e5ra barns barndom, sa statsminister <strong class=\"aw-ak79eh KyCXm yle__article__strong\">Mette Frederiksen<\/strong> p\u00e5 tisdagen i ett tal i Folketinget.<\/p>\n<p class=\"aw-1gybjub aw-1p7kakr cmIuaG fmSRng yle__article__paragraph\">I Danmark vill man allts\u00e5 g\u00e5 steget l\u00e4ngre \u00e4n i Finland, d\u00e4r man har n\u00f6jt sig med att begr\u00e4nsa anv\u00e4ndningen av <a class=\"aw-iao6s4 iHOxEa yle__article__link\" href=\"https:\/\/yle.fi\/a\/7-10082190\" role=\"link\" rel=\"nofollow noopener\" target=\"_blank\">mobiltelefoner i skolorna<\/a> och utf\u00e4rda <a class=\"aw-iao6s4 iHOxEa yle__article__link\" href=\"https:\/\/yle.fi\/a\/7-10067910\" role=\"link\" rel=\"nofollow noopener\" target=\"_blank\">nationella rekommendationer<\/a> f\u00f6r smarttelefonanv\u00e4ndning.<\/p>\n<p class=\"aw-1gybjub aw-1p7kakr cmIuaG fmSRng yle__article__paragraph\">Hon h\u00e4nvisade till en rapport fr\u00e5n organisationen <a class=\"aw-iao6s4 iHOxEa yle__article__link\" href=\"https:\/\/bornsvilkar.dk\/nyheder\/ny-rapport-om-boern-og-sociale-medier-at-vaere-paa-mobilen-er-den-foretrukne-hverdagsaktivitet-blandt-boern-i-7-klasse\/\" role=\"link\" rel=\"nofollow noopener\" target=\"_blank\">B\u00f8rns Vilk\u00e5r<\/a> som uppger att hela 94 procent av sjundeklassare i Danmark har haft en profil p\u00e5 sociala medier innan de blev 13 \u00e5r.<\/p>\n<p class=\"aw-1gybjub aw-1p7kakr cmIuaG fmSRng yle__article__paragraph\">Enligt Frederiksen har f\u00f6r\u00e4ldrar \u201dsagt ja till mobiltelefoner i v\u00e5ra barns liv i b\u00e4sta v\u00e4lmening, s\u00e5 att de kunde ringa hem och kommunicera med sina familjemedlemmar\u201d.<\/p>\n<p class=\"aw-1gybjub aw-1p7kakr cmIuaG fmSRng yle__article__paragraph\">\u2013 Men vi har sl\u00e4ppt l\u00f6s ett monster, konstaterade hon.<\/p>\n<p>\u00c5ngest, koncentrationssv\u00e5righeter, brist p\u00e5 v\u00e4nskap &#8230;<\/p>\n<p class=\"aw-1gybjub aw-1p7kakr cmIuaG fmSRng yle__article__paragraph\">Frederiksen sade ocks\u00e5 att \u00e5ngest och depression \u00e4r ett st\u00f6rre problem bland barn och unga \u00e4n n\u00e5gonsin tidigare.<\/p>\n<p class=\"aw-1gybjub aw-1p7kakr cmIuaG fmSRng yle__article__paragraph\">Med en nationell \u00e5ldersgr\u00e4ns f\u00f6r tillg\u00e5ng till sociala medier vill den danska regeringen b\u00e4ttre skydda barn och unga i en digital verklighet d\u00e4r allt fler upplever ett beroende samtidigt som de inte m\u00e5r bra.<\/p>\n<p class=\"aw-1gybjub aw-1p7kakr cmIuaG fmSRng yle__article__paragraph\">\u2013 P\u00e5 sk\u00e4rmen ser de s\u00e5dant som inga barn och unga borde se, sa Frederiksen.<\/p>\n<p class=\"aw-1gybjub aw-1p7kakr cmIuaG fmSRng yle__article__paragraph\">Enligt det <a class=\"aw-iao6s4 iHOxEa yle__article__link\" href=\"https:\/\/www.digmin.dk\/digitalisering\/nyheder\/nyhedsarkiv\/2025\/okt\/regeringen-boern-og-unge-under-15-aar-skal-ikke-have-sociale-medier-\" role=\"link\" rel=\"nofollow noopener\" target=\"_blank\">danska digitaliseringsministeriet<\/a> har flera unders\u00f6kningar under de senaste \u00e5ren visat att barn och unga i allt st\u00f6rre utstr\u00e4ckning m\u00e5r d\u00e5ligt, i takt med att deras tid och uppm\u00e4rksamhet i allt h\u00f6gre grad binds till plattformarnas algoritmer och design.<\/p>\n<p class=\"aw-1gybjub aw-1p7kakr cmIuaG fmSRng yle__article__paragraph\">Mette Frederiksen tog inf\u00f6r Folketinget fasta p\u00e5 att m\u00e5nga barn har sv\u00e5rt att l\u00e4sa och lider av koncentrationssv\u00e5righeter.<\/p>\n<p class=\"aw-1gybjub aw-1p7kakr cmIuaG fmSRng yle__article__paragraph\">Teknologin har ocks\u00e5 f\u00f6r\u00e4ndrat det fysiska beteendet. Enligt Frederiksen tr\u00e4ffar hela 60 procent av pojkar mellan 11 och 19 \u00e5r i Danmark inte en enda v\u00e4n fysiskt under sin fritid p\u00e5 en vecka.<\/p>\n<p class=\"aw-1gybjub aw-1p7kakr cmIuaG fmSRng yle__article__paragraph\">\u2013 Finns det n\u00e5gon vuxen som tror att den siffran skulle vara s\u00e5 h\u00f6g ifall inte smarttelefonerna fanns? fr\u00e5gade hon.<\/p>\n<p class=\"aw-1gybjub aw-1p7kakr cmIuaG fmSRng yle__article__paragraph\">Frederiksen specificerade inte vilka sociala medier hon vill begr\u00e4nsa tillg\u00e5ngen till eller hur ett f\u00f6rbud skulle fungera i praktiken.<\/p>\n<p class=\"aw-1gybjub aw-1p7kakr cmIuaG fmSRng yle__article__paragraph\">Den danska regeringen har inte n\u00e4mnt ett lagf\u00f6rslag om en \u00e5ldersgr\u00e4ns f\u00f6r sociala medier bland de lagpaket som ska behandlas under det p\u00e5g\u00e5ende Folketings\u00e5ret.<\/p>\n<p class=\"aw-1gybjub aw-1p7kakr cmIuaG fmSRng yle__article__paragraph\">K\u00e4llor: DR, Berlingske, Ritzau, TV2.dk<\/p>\n","protected":false},"excerpt":{"rendered":"\u201dVi har sl\u00e4ppt l\u00f6s ett monster\u201d, s\u00e4ger danska statsministern Mette Frederiksen om mobil\u00adtelefonernas roll i barns och ungas&hellip;\n","protected":false},"author":2,"featured_media":49809,"comment_status":"","ping_status":"","sticky":false,"template":"","format":"standard","meta":{"footnotes":""},"categories":[14],"tags":[3173,4958,22,23,1205,26,27,17,21,24,25,28,29,3564,4961,4960,15,16,18,34,4957,636,31,33,32,30,19,20,4959,237,51,52,53,54],"class_list":{"0":"post-49808","1":"post","2":"type-post","3":"status-publish","4":"format-standard","5":"has-post-thumbnail","7":"category-varlden","8":"tag-barn","9":"tag-barn-och-ungdom","10":"tag-breaking-news","11":"tag-breakingnews","12":"tag-danmark","13":"tag-featured-news","14":"tag-featurednews","15":"tag-headlines","16":"tag-huvudnyheter","17":"tag-latest-news","18":"tag-latestnews","19":"tag-main-news","20":"tag-mainnews","21":"tag-mette-frederiksen","22":"tag-mobiltelefoner","23":"tag-mobiltelefoner-och-apparater","24":"tag-news","25":"tag-nyheter","26":"tag-rubriker","27":"tag-se","28":"tag-smarttelefoner","29":"tag-sociala-medier","30":"tag-svenska","31":"tag-sverige","32":"tag-sweden","33":"tag-swedish","34":"tag-top-stories","35":"tag-topstories","36":"tag-ungdomar","37":"tag-utrikes","38":"tag-varlden","39":"tag-world","40":"tag-world-news","41":"tag-worldnews"},"share_on_mastodon":{"url":"","error":""},"_links":{"self":[{"href":"https:\/\/www.europesays.com\/se\/wp-json\/wp\/v2\/posts\/49808","targetHints":{"allow":["GET"]}}],"collection":[{"href":"https:\/\/www.europesays.com\/se\/wp-json\/wp\/v2\/posts"}],"about":[{"href":"https:\/\/www.europesays.com\/se\/wp-json\/wp\/v2\/types\/post"}],"author":[{"embeddable":true,"href":"https:\/\/www.europesays.com\/se\/wp-json\/wp\/v2\/users\/2"}],"replies":[{"embeddable":true,"href":"https:\/\/www.europesays.com\/se\/wp-json\/wp\/v2\/comments?post=49808"}],"version-history":[{"count":0,"href":"https:\/\/www.europesays.com\/se\/wp-json\/wp\/v2\/posts\/49808\/revisions"}],"wp:featuredmedia":[{"embeddable":true,"href":"https:\/\/www.europesays.com\/se\/wp-json\/wp\/v2\/media\/49809"}],"wp:attachment":[{"href":"https:\/\/www.europesays.com\/se\/wp-json\/wp\/v2\/media?parent=49808"}],"wp:term":[{"taxonomy":"category","embeddable":true,"href":"https:\/\/www.europesays.com\/se\/wp-json\/wp\/v2\/categories?post=49808"},{"taxonomy":"post_tag","embeddable":true,"href":"https:\/\/www.europesays.com\/se\/wp-json\/wp\/v2\/tags?post=49808"}],"curies":[{"name":"wp","href":"https:\/\/api.w.org\/{rel}","templated":true}]}}