{"id":49813,"date":"2025-10-07T20:03:08","date_gmt":"2025-10-07T20:03:08","guid":{"rendered":"https:\/\/www.europesays.com\/se\/49813\/"},"modified":"2025-10-07T20:03:08","modified_gmt":"2025-10-07T20:03:08","slug":"elangas-och-bardghjis-vanskap-han-ar-som-en-bror-landslaget","status":"publish","type":"post","link":"https:\/\/www.europesays.com\/se\/49813\/","title":{"rendered":"Elangas och Bardghjis v\u00e4nskap: \u201dHan \u00e4r som en bror\u201d | Landslaget"},"content":{"rendered":"<p>Publicerad 7 okt 2025 kl 15.56<\/p>\n<p>Anthony Elanga och Roony Bardghji har bara tr\u00e4ffats tv\u00e5 g\u00e5nger, men \u00e4r redan som br\u00f6der.<\/p>\n<p>\u2013 Han \u00e4r som en bror, s\u00e5 jag f\u00e5r ta hand om han n\u00e4r han \u00e4r h\u00e4r ocks\u00e5, s\u00e4ger Elanga.<\/p>\n<p><img   alt=\"\"\/> <\/p>\n<p>Foto: Pontus Lundahl\/TT \/ TT NYHETSBYR\u00c5N<\/p>\n<p>\u00d6ppna bild i helsk\u00e4rm<\/p>\n<p>N\u00e4r <a href=\"https:\/\/www.expressen.se\/tagg\/person\/anthony-elanga\/\" class=\"\" rel=\"nofollow noopener\" target=\"_blank\">Anthony Elanga<\/a> f\u00e5r fr\u00e5gor om landslagets senaste tillskott, Roony Bardghji, s\u00e4ger han att de fann varandra direkt n\u00e4r de pratade med varandra f\u00f6r f\u00f6rsta g\u00e5ngen. Det var efter matchen mellan Newcastle och Barcelona i Champions League hela veckan.\u00a0<\/p>\n<p>\u2013\u00a0Ja vi klickade direkt, direkt. Jag vet inte varf\u00f6r, det k\u00e4nns bara som att jag har k\u00e4nt honom l\u00e4nge, s\u00e4ger Elanga.<\/p>\n<p>\u2013 Han \u00e4r en v\u00e4ldigt v\u00e4ldigt sn\u00e4ll person och en fantastisk spelare. Jag tror att han kan hj\u00e4lpa laget mycket f\u00f6r han har bra kvaliteter, se vad han har gjort i Barcelona.\u00a0<\/p>\n<p>Roony Bardghji h\u00e5ller med.\u00a0<\/p>\n<p>\u2013 Ja, ja hundra procent. Det \u00e4r en fantastisk person. Som han sa, vi klickade direkt s\u00e5 det \u00e4r kul att f\u00e5 bygga p\u00e5 relationen mer och mer.<\/p>\n<p>\u2013 Han \u00e4r ju \u00e4ldre. Han \u00e4r som en storebror ocks\u00e5. S\u00e5 det ska bli kul som sagt att bygga relation med honom och med m\u00e5nga andra ocks\u00e5.<\/p>\n<p>Delar intresse f\u00f6r japanska serier<\/p>\n<p>F\u00f6r n\u00e5got \u00e5r sedan uppm\u00e4rksammades Elangas intresse f\u00f6r anime, japanska tecknade serier. Ett intresse som gick att sk\u00f6nja via hans sociala medier. Kan det vara det intresset som gjort att han och Bardghji klickat s\u00e5 snabbt?\u00a0<\/p>\n<p>\u2013 Han \u00e4r mer fokuserad p\u00e5 det \u00e4n jag allts\u00e5, skrattar Newcastle-spelaren.<\/p>\n<p>Det blir tydligt n\u00e4r Bardghji f\u00e5r fr\u00e5gor p\u00e5 \u00e4mnet.<\/p>\n<p>\u2013 Det kom kanske f\u00f6r tre, fyra \u00e5r sedan ungef\u00e4r. Jag vet inte, jag bara b\u00f6rjade kolla p\u00e5 n\u00e5gon serie och sen fastnade jag i det. Jag gillade det. Det har bara g\u00e5tt och blivit mer och mer. Det \u00e4r kul att ta in det i fotbollen ocks\u00e5, det \u00e4r m\u00e5nga som gillar det och det \u00e4r m\u00e5nga i hela v\u00e4rlden som kollar p\u00e5 det.<\/p>\n<p>\u2013 Det \u00e4r som ett community. Det \u00e4r kul att g\u00f6ra m\u00e5lgester och s\u00e5nt. Jag tror folk gillar det. Det \u00e4r bara en hobby.<\/p>\n<p>Han f\u00e5r fr\u00e5gan om han har lagkamrater i Barcelona som gillar de japanska serierna.<\/p>\n<p>\u2013 Faktiskt inte s\u00e5 m\u00e5nga, nej. Men de gillar att jag g\u00f6r det, de tycker det \u00e4r intressant och har fr\u00e5gat mycket. De vill att jag ska g\u00f6ra mer av det. Det \u00e4r kul.<\/p>\n","protected":false},"excerpt":{"rendered":"Publicerad 7 okt 2025 kl 15.56 Anthony Elanga och Roony Bardghji har bara tr\u00e4ffats tv\u00e5 g\u00e5nger, men \u00e4r&hellip;\n","protected":false},"author":2,"featured_media":49814,"comment_status":"","ping_status":"","sticky":false,"template":"","format":"standard","meta":{"footnotes":""},"categories":[68],"tags":[1336,4962,4939,34,129,146,111,110,31,33,32,30],"class_list":{"0":"post-49813","1":"post","2":"type-post","3":"status-publish","4":"format-standard","5":"has-post-thumbnail","7":"category-sport","8":"tag-organization-sveriges-herrlandslag-i-fotboll","9":"tag-person-anthony-elanga","10":"tag-person-roony-bardghji","11":"tag-se","12":"tag-sections-fotboll","13":"tag-sections-landslaget","14":"tag-sport","15":"tag-sports","16":"tag-svenska","17":"tag-sverige","18":"tag-sweden","19":"tag-swedish"},"share_on_mastodon":{"url":"","error":""},"_links":{"self":[{"href":"https:\/\/www.europesays.com\/se\/wp-json\/wp\/v2\/posts\/49813","targetHints":{"allow":["GET"]}}],"collection":[{"href":"https:\/\/www.europesays.com\/se\/wp-json\/wp\/v2\/posts"}],"about":[{"href":"https:\/\/www.europesays.com\/se\/wp-json\/wp\/v2\/types\/post"}],"author":[{"embeddable":true,"href":"https:\/\/www.europesays.com\/se\/wp-json\/wp\/v2\/users\/2"}],"replies":[{"embeddable":true,"href":"https:\/\/www.europesays.com\/se\/wp-json\/wp\/v2\/comments?post=49813"}],"version-history":[{"count":0,"href":"https:\/\/www.europesays.com\/se\/wp-json\/wp\/v2\/posts\/49813\/revisions"}],"wp:featuredmedia":[{"embeddable":true,"href":"https:\/\/www.europesays.com\/se\/wp-json\/wp\/v2\/media\/49814"}],"wp:attachment":[{"href":"https:\/\/www.europesays.com\/se\/wp-json\/wp\/v2\/media?parent=49813"}],"wp:term":[{"taxonomy":"category","embeddable":true,"href":"https:\/\/www.europesays.com\/se\/wp-json\/wp\/v2\/categories?post=49813"},{"taxonomy":"post_tag","embeddable":true,"href":"https:\/\/www.europesays.com\/se\/wp-json\/wp\/v2\/tags?post=49813"}],"curies":[{"name":"wp","href":"https:\/\/api.w.org\/{rel}","templated":true}]}}