{"id":49843,"date":"2025-10-07T20:49:19","date_gmt":"2025-10-07T20:49:19","guid":{"rendered":"https:\/\/www.europesays.com\/se\/49843\/"},"modified":"2025-10-07T20:49:19","modified_gmt":"2025-10-07T20:49:19","slug":"dodsfall-i-varmeboljor-gar-att-forutspa","status":"publish","type":"post","link":"https:\/\/www.europesays.com\/se\/49843\/","title":{"rendered":"D\u00f6dsfall i v\u00e4rmeb\u00f6ljor g\u00e5r att f\u00f6rutsp\u00e5"},"content":{"rendered":"<p>Extrema temperaturer kan leda till allvarliga h\u00e4lsoproblem och d\u00f6dsfall, s\u00e4rskilt bland \u00e4ldre och personer med underliggande sjukdomar. Nu visar en studie att det g\u00e5r att g\u00f6ra tr\u00e4ffs\u00e4kra prognoser \u00f6ver d\u00f6dlighet kopplade till v\u00e4rme och d\u00e4rmed skydda s\u00e5rbara grupper. <\/p>\n<p>Under somrarna 2022 och 2023 ber\u00e4knas sammanlagt \u00f6ver 100 000 personer ha avlidit av v\u00e4rmerelaterade orsaker. F\u00f6r att skydda m\u00e4nniskor beh\u00f6vs mer p\u00e5litliga prognoser och effektiva varningssystem. Nu visar en studie att det g\u00e5r att f\u00f6rutsp\u00e5 v\u00e4rmerelaterade d\u00f6dsfall i Europa. <\/p>\n<p>Mer tr\u00e4ffs\u00e4kra prognoser<\/p>\n<p>Forskare vid Uppsala universitet har utvecklat ett prognossystem och \u00e4ven testat hur det fungerar. <\/p>\n<p>\u2212 Vi testade det p\u00e5 Europas extremt varma somrar 2022 och 2023 och kunde d\u00e5 st\u00e4lla prognoser ungef\u00e4r en vecka i f\u00f6rv\u00e4g. Tidigare har varningssystemen i stort sett bara baserats p\u00e5 temperaturer. V\u00e5rt prognossystem tar h\u00e4nsyn b\u00e5de till meteorologiska <a class=\"glossaryLink\" aria-describedby=\"tt\" data-cmtooltip=\"&lt;div class=glossaryItemBody&gt; Information som samlas in och analyseras i forskning \u2013 till exempel texter, siffror, bilder eller intervjusvar.&lt;br\/&gt;Data \u00e4r  ...&lt;\/div&gt;&lt;div class=glossaryTooltipMoreLinkWrapper&gt;&lt;a class=glossaryTooltipMoreLink href=https:\/\/www.forskning.se\/ordlista\/data\/ &gt;L\u00e4s mer&lt;\/a&gt;&lt;\/div&gt;\" href=\"https:\/\/www.forskning.se\/ordlista\/data\/\" data-mobile-support=\"0\" data-gt-translate-attributes=\"[{\" attribute=\"\" tabindex=\"0\" role=\"link\" rel=\"nofollow noopener\" target=\"_blank\">data<\/a> och h\u00e4lsostatistik, vilket g\u00f6r att vi p\u00e5 ett mer tr\u00e4ffs\u00e4kert s\u00e4tt kan f\u00f6ruts\u00e4ga hur hetta kan p\u00e5verka d\u00f6dsfall, s\u00e4ger Emma Holmberg, forskare i meteorologi vid Uppsala universitet, i ett pressmeddelande. <\/p>\n<p><strong>H\u00e4lsodata fr\u00e5n hela Europa<\/strong><\/p>\n<p>F\u00f6r att uppskatta d\u00f6dligheten utvecklade forskarna en statistisk modell baserad p\u00e5 temperatur- och d\u00f6dlighetsdata fr\u00e5n hela Europa. <\/p>\n<p>Genom att ber\u00e4kna sambandet mellan v\u00e4rme och d\u00f6dlighet i enskilda distrikt kunde de ta h\u00e4nsyn till regionala skillnader i klimat och befolkningens s\u00e5rbarhet f\u00f6r v\u00e4rme. N\u00e4r modellen kombinerades med v\u00e4derprognoser blev det m\u00f6jligt att f\u00f6rutse v\u00e4rmerelaterad d\u00f6dlighet.<\/p>\n<p>Tr\u00e4ffs\u00e4kra prognoser<\/p>\n<p>I de flesta l\u00e4nderna fungerade prognoserna mycket bra n\u00e4r forskarna f\u00f6rutsp\u00e5dde d\u00f6dlighet vid m\u00e5ttliga sommartemperaturer.<\/p>\n<p>\u2212 Det \u00e4r enklare att g\u00f6ra f\u00f6ruts\u00e4gelser vid m\u00e5ttliga temperaturer. Vid omkring 20 grader i V\u00e4steuropa har sm\u00e5 variationer i temperaturen liten betydelse f\u00f6r d\u00f6dligheten, vilket g\u00f6r att \u00e4ven mindre fel i prognoserna inte p\u00e5verkar v\u00e5ra d\u00f6dlighetsprognoser n\u00e4mnv\u00e4rt, s\u00e4ger Emma Holmberg.<\/p>\n<p>Men prognoserna var tr\u00e4ffs\u00e4kra \u00e4ven i de allra varmaste regionerna, till exempel p\u00e5 Iberiska halv\u00f6n under rekordsommaren 2022.<\/p>\n<p>\u2212 Utan en prognos \u00e4r genomsnittet fr\u00e5n tidigare \u00e5r b\u00e4sta s\u00e4ttet att uppskatta v\u00e4rme. Somrarna 2022 och 2023 var dock exceptionellt varma, och d\u00e4rf\u00f6r gav prognoserna en betydligt b\u00e4ttre tr\u00e4ffs\u00e4kerhet \u00e4n genomsnittet fr\u00e5n tidigare \u00e5r.<\/p>\n<p><strong>B\u00e4ttre skydd av s\u00e5rbara grupper<\/strong><\/p>\n<p>I takt med klimatf\u00f6r\u00e4ndringarna v\u00e4ntas extremt varma somrar bli allt vanligare. I omr\u00e5den med h\u00f6g v\u00e4rmerelaterad d\u00f6dlighet kan tillf\u00f6rlitliga prognoser vara avg\u00f6rande f\u00f6r att varna i tid och s\u00e4tta in r\u00e4tt \u00e5tg\u00e4rder.<\/p>\n<p>\u2212 Genom att inkludera v\u00e4rmerelaterad d\u00f6dlighet i v\u00e4rmevarningarna kan myndigheter fokusera resurser d\u00e4r de beh\u00f6vs och rikta in sig p\u00e5 \u00e4ldre, sjuka eller andra s\u00e5rbara grupper, s\u00e4ger Emma Holmberg.<\/p>\n<p><strong>Vetenskaplig artikel:<\/strong><\/p>\n<p> <a href=\"https:\/\/www.pnas.org\/cgi\/doi\/10.1073\/pnas.2426516122\" target=\"_blank\" rel=\"noopener nofollow\">Skillful heat-related mortality forecasting during recent deadly European summers<\/a>, Pnas.<\/p>\n","protected":false},"excerpt":{"rendered":"Extrema temperaturer kan leda till allvarliga h\u00e4lsoproblem och d\u00f6dsfall, s\u00e4rskilt bland \u00e4ldre och personer med underliggande sjukdomar. Nu&hellip;\n","protected":false},"author":2,"featured_media":49844,"comment_status":"","ping_status":"","sticky":false,"template":"","format":"standard","meta":{"footnotes":""},"categories":[5],"tags":[22,23,26,27,17,21,24,25,28,29,15,505,16,18,34,31,33,32,30,19,20],"class_list":{"0":"post-49843","1":"post","2":"type-post","3":"status-publish","4":"format-standard","5":"has-post-thumbnail","7":"category-rubriker","8":"tag-breaking-news","9":"tag-breakingnews","10":"tag-featured-news","11":"tag-featurednews","12":"tag-headlines","13":"tag-huvudnyheter","14":"tag-latest-news","15":"tag-latestnews","16":"tag-main-news","17":"tag-mainnews","18":"tag-news","19":"tag-nyhet","20":"tag-nyheter","21":"tag-rubriker","22":"tag-se","23":"tag-svenska","24":"tag-sverige","25":"tag-sweden","26":"tag-swedish","27":"tag-top-stories","28":"tag-topstories"},"share_on_mastodon":{"url":"","error":""},"_links":{"self":[{"href":"https:\/\/www.europesays.com\/se\/wp-json\/wp\/v2\/posts\/49843","targetHints":{"allow":["GET"]}}],"collection":[{"href":"https:\/\/www.europesays.com\/se\/wp-json\/wp\/v2\/posts"}],"about":[{"href":"https:\/\/www.europesays.com\/se\/wp-json\/wp\/v2\/types\/post"}],"author":[{"embeddable":true,"href":"https:\/\/www.europesays.com\/se\/wp-json\/wp\/v2\/users\/2"}],"replies":[{"embeddable":true,"href":"https:\/\/www.europesays.com\/se\/wp-json\/wp\/v2\/comments?post=49843"}],"version-history":[{"count":0,"href":"https:\/\/www.europesays.com\/se\/wp-json\/wp\/v2\/posts\/49843\/revisions"}],"wp:featuredmedia":[{"embeddable":true,"href":"https:\/\/www.europesays.com\/se\/wp-json\/wp\/v2\/media\/49844"}],"wp:attachment":[{"href":"https:\/\/www.europesays.com\/se\/wp-json\/wp\/v2\/media?parent=49843"}],"wp:term":[{"taxonomy":"category","embeddable":true,"href":"https:\/\/www.europesays.com\/se\/wp-json\/wp\/v2\/categories?post=49843"},{"taxonomy":"post_tag","embeddable":true,"href":"https:\/\/www.europesays.com\/se\/wp-json\/wp\/v2\/tags?post=49843"}],"curies":[{"name":"wp","href":"https:\/\/api.w.org\/{rel}","templated":true}]}}