{"id":49911,"date":"2025-10-07T23:20:25","date_gmt":"2025-10-07T23:20:25","guid":{"rendered":"https:\/\/www.europesays.com\/se\/49911\/"},"modified":"2025-10-07T23:20:25","modified_gmt":"2025-10-07T23:20:25","slug":"foretagsevent-da-far-hammarby-inte-spela-europakval-pa-hemmaplan","status":"publish","type":"post","link":"https:\/\/www.europesays.com\/se\/49911\/","title":{"rendered":"F\u00f6retagsevent \u2013 d\u00e5 f\u00e5r Hammarby inte spela Europakval p\u00e5 hemmaplan"},"content":{"rendered":"<p>Europakval brukar betyda storpublik f\u00f6r Hammarbys del. Men inte ikv\u00e4ll d\u00e5 Hammarby tvingas spela kvalet till Uefa Women\u00b4s Europa Cup mot Brann p\u00e5 Grimsta IP \u2013 eftersom 3Arena \u00e4r uppbokad f\u00f6r ett f\u00f6retagsevent.<\/p>\n<p>\u2013 Det \u00e4r ganska enkelt, 3Arena \u00e4r bokad. Den bokas ibland flera \u00e5r i f\u00f6rv\u00e4g. Det h\u00e4r kom p\u00e5 ett datum d\u00e4r det inte fanns n\u00e5gon m\u00f6jlighet f\u00f6r oss att ta \u00f6ver arenan, s\u00e4ger Hammarbys pressansvarige Lukas Lundberg till SvenskaFans.<\/p>\n<p><strong>Det kommer att \u00e4ga rum ett f\u00f6retagsevent?<\/strong><br \/>\u2013Ja precis, jag vet faktiskt inte vilket f\u00f6retagsevent men det \u00e4r det.<\/p>\n<p><img loading=\"lazy\" decoding=\"async\" src=\"https:\/\/www.europesays.com\/se\/wp-content\/uploads\/2025\/10\/oDUIfUxQTaJ8GPodgskRGHqQzCoocPiU9K5SZscb.jpg\" width=\"750\" height=\"350\"\/>Hammarby m\u00f6tte Manchester United i kvalet till Champions League p\u00e5 3Arena.<\/p>\n<p>\u201cInte p\u00e5 hemmaplan\u201dN\u00e4r Hammarby spelade mot Manchester United i kvalet till Champions League var det 5 500 \u00e5sk\u00e5dare p\u00e5 plats p\u00e5 3Arena, d\u00e4r Hammarby brukar spela sina hemmamatcher i Europa. I Damallsvenskan spelar Hammarbys damlag ibland p\u00e5 3Arena men f\u00f6r det mesta p\u00e5 Hammarby IP p\u00e5 S\u00f6dermalm. I derbyt senast mot AIK var 2 260 \u00e5sk\u00e5dare p\u00e5 plats.<\/p>\n<p>Till kv\u00e4llens Europamatch i V\u00e4sterort p\u00e5 Grimsta IP har det s\u00e5lts cirka 900 biljetter.<\/p>\n<p>\u2013 Det brukar s\u00e4lja p\u00e5 lite grann p\u00e5 matchdag. Det \u00e4r lite sv\u00e5rare att veta eftersom det inte \u00e4r p\u00e5 hemmaplan om du f\u00f6rst\u00e5r vad jag menar, s\u00e4ger Lukas Lundberg och forts\u00e4tter:<\/p>\n<p>\u2013 Men vi r\u00e4knar med 900, hoppas det \u00e4r p\u00e5 1 000.\u00a0\u00a0<\/p>\n<p>Grimsta IP \u00e4r damallsvenska seriekonkurrenten och lokalrivalen BP:s hemmaarena i vanliga fall. \u00c4ven Brommapojkarnas herrar spelar d\u00e4r i Allsvenskan.<\/p>\n<p><strong>Kommer ni g\u00f6ra p\u00e5 n\u00e5got s\u00e4rskilt s\u00e4tt f\u00f6r att det ska k\u00e4nnas mer som hemmaplan?\u00a0<\/strong><\/p>\n<p>\u2013 Vi kommer att g\u00f6ra allt vi kan, s\u00e4tta upp s\u00e5 mycket av det folk k\u00e4nner igen, g\u00f6ra det s\u00e5 gr\u00f6nvitt som m\u00f6jligt. Sen s\u00e5 \u00e4r det ju BP.s hemmaarena s\u00e5 vissa grejer g\u00e5r inte att styra \u00f6ver. Men s\u00e5 mycket vi bara kan kommer vi att g\u00f6ra det till en Hammarbymilj\u00f6.<\/p>\n<p><strong>Hur tror du att st\u00f6det kommer att vara?<\/strong><br \/>\u2013 Jag tycker att vi har bevisat att \u00e4ven om det kommer att vara 50 personer p\u00e5 l\u00e4ktaren, 800 eller 20 000 s\u00e5 \u00e4r det ett otroligt st\u00f6d, det \u00e4r jag inte orolig f\u00f6r.<\/p>\n<p><strong>L\u00e4s mer: <\/strong><a target=\"_self\" href=\"https:\/\/www.svenskafans.com\/fotboll\/lennartsson-infor-brann-vi-ar-i-bra-form-bara-att-gas-pa-685973\" rel=\"nofollow noopener\">Lennartsson inf\u00f6r Brann<\/a><\/p>\n<p>Hammarby \u2013\u00a0 Brann har avspark 19:00 p\u00e5 Grimsta IP och visas p\u00e5 Sportbladet.<\/p>\n","protected":false},"excerpt":{"rendered":"Europakval brukar betyda storpublik f\u00f6r Hammarbys del. Men inte ikv\u00e4ll d\u00e5 Hammarby tvingas spela kvalet till Uefa Women\u00b4s&hellip;\n","protected":false},"author":2,"featured_media":49912,"comment_status":"","ping_status":"","sticky":false,"template":"","format":"standard","meta":{"footnotes":""},"categories":[5],"tags":[159,22,23,158,157,26,27,138,17,156,21,24,25,28,29,165,164,15,16,140,18,34,160,162,111,31,161,33,32,30,163,19,20],"class_list":{"0":"post-49911","1":"post","2":"type-post","3":"status-publish","4":"format-standard","5":"has-post-thumbnail","7":"category-rubriker","8":"tag-allsvenskan","9":"tag-breaking-news","10":"tag-breakingnews","11":"tag-fans","12":"tag-fantv","13":"tag-featured-news","14":"tag-featurednews","15":"tag-fotboll","16":"tag-headlines","17":"tag-hockey","18":"tag-huvudnyheter","19":"tag-latest-news","20":"tag-latestnews","21":"tag-main-news","22":"tag-mainnews","23":"tag-matcher","24":"tag-matchprogram","25":"tag-news","26":"tag-nyheter","27":"tag-premier-league","28":"tag-rubriker","29":"tag-se","30":"tag-serie-a","31":"tag-spelschema","32":"tag-sport","33":"tag-svenska","34":"tag-svenskafans","35":"tag-sverige","36":"tag-sweden","37":"tag-swedish","38":"tag-tabeller","39":"tag-top-stories","40":"tag-topstories"},"share_on_mastodon":{"url":"","error":""},"_links":{"self":[{"href":"https:\/\/www.europesays.com\/se\/wp-json\/wp\/v2\/posts\/49911","targetHints":{"allow":["GET"]}}],"collection":[{"href":"https:\/\/www.europesays.com\/se\/wp-json\/wp\/v2\/posts"}],"about":[{"href":"https:\/\/www.europesays.com\/se\/wp-json\/wp\/v2\/types\/post"}],"author":[{"embeddable":true,"href":"https:\/\/www.europesays.com\/se\/wp-json\/wp\/v2\/users\/2"}],"replies":[{"embeddable":true,"href":"https:\/\/www.europesays.com\/se\/wp-json\/wp\/v2\/comments?post=49911"}],"version-history":[{"count":0,"href":"https:\/\/www.europesays.com\/se\/wp-json\/wp\/v2\/posts\/49911\/revisions"}],"wp:featuredmedia":[{"embeddable":true,"href":"https:\/\/www.europesays.com\/se\/wp-json\/wp\/v2\/media\/49912"}],"wp:attachment":[{"href":"https:\/\/www.europesays.com\/se\/wp-json\/wp\/v2\/media?parent=49911"}],"wp:term":[{"taxonomy":"category","embeddable":true,"href":"https:\/\/www.europesays.com\/se\/wp-json\/wp\/v2\/categories?post=49911"},{"taxonomy":"post_tag","embeddable":true,"href":"https:\/\/www.europesays.com\/se\/wp-json\/wp\/v2\/tags?post=49911"}],"curies":[{"name":"wp","href":"https:\/\/api.w.org\/{rel}","templated":true}]}}