{"id":49981,"date":"2025-10-08T04:09:08","date_gmt":"2025-10-08T04:09:08","guid":{"rendered":"https:\/\/www.europesays.com\/se\/49981\/"},"modified":"2025-10-08T04:09:08","modified_gmt":"2025-10-08T04:09:08","slug":"novak-djokovic-historisk-trots-problem-i-varmen-i-shanghai","status":"publish","type":"post","link":"https:\/\/www.europesays.com\/se\/49981\/","title":{"rendered":"Novak Djokovic historisk trots problem i v\u00e4rmen i Shanghai"},"content":{"rendered":"<p>Publicerad 8 okt 2025 kl 05.23Uppdaterad kl 06.06<\/p>\n<p>Novak Djokovic \u00e4r nu den \u00e4ldsta herrspelaren att ta sig till kvartsfinal i en Masters 1\u00a0000-turnering, efter 2\u20131 mot Jaume Munar. Men f\u00f6rh\u00e5llandena i Shanghai fortsatte att g\u00f6ra livet sv\u00e5rt f\u00f6r serben.<\/p>\n<p><img   alt=\"\"\/><\/p>\n<p>Novak Djokovic.<\/p>\n<p>Foto: CHEN HAOMING \/ STELLA PICTURES ZUMA PRESS<\/p>\n<p>\u00d6ppna bild i helsk\u00e4rm<img loading=\"lazy\"   alt=\"\"\/><\/p>\n<p>Tufft i v\u00e4rmen f\u00f6r Novak Djokovic.<\/p>\n<p>Foto: CHEN HAOMING \/ STELLA PICTURES ZUMA PRESS<\/p>\n<p>\u00d6ppna bild i helsk\u00e4rm<\/p>\n<p>Likt tidigare matcher hade den tidigare v\u00e4rldsettan sv\u00e5rt att hantera v\u00e4rmen och fuktigheten i den kinesiska staden. Djokovic kr\u00e4ktes flera g\u00e5nger och fick gr\u00e4va djupt efter krafter.\u00a0<\/p>\n<p>Efter att ha f\u00f6rlorat en l\u00e5ng boll och d\u00e4rmed ocks\u00e5 andra set lade sig Djokovic p\u00e5 planen, m\u00e4rkbart tagen och med sm\u00e4rta i ena benet. 38-\u00e5ringen fick hj\u00e4lp att resa sig och sjukv\u00e5rdare kallades in.<\/p>\n<p>Efter en stunds avbrott fortsatte matchen som Djokovic till slut vann med 6\u20133, 5\u20137, 6\u20132. Han avb\u00f6jde den vanliga segerintervjun p\u00e5 planen men tog till X f\u00f6r att tacka sina fans f\u00f6r st\u00f6det:<\/p>\n<p>\u201dTuff dag p\u00e5 jobbet. V\u00e4ldigt fysiskt utmanande\u201d, skrev han bland annat.<\/p>\n<p>Fick kramp och avbr\u00f6t<\/p>\n<p>\u00c4ven i matchen innan kr\u00e4ktes Djokovic p\u00e5 grund av anstr\u00e4ngningen att spela i den varma och fuktiga luften. Han \u00e4r inte ensam.<\/p>\n<p>Titelf\u00f6rsvararen Jannik Sinner avbr\u00f6t sin match i den tredje omg\u00e5ngen i s\u00f6ndags. Italienaren drabbades av kramp.<\/p>\n<p>Ytterligare sex spelare har avbrutit sina matcher med h\u00e4nvisning till antingen sjukdom eller skada.<\/p>\n<p>P\u00e5 grand slam-turneringar och damtouren WTA finns det en v\u00e4rmeregel, som bland annat inneb\u00e4r att matcher m\u00e5ste spelas under helst\u00e4ngt eller delvis st\u00e4ngt tak p\u00e5 arenan.<\/p>\n<p>Danske Holger Rune var tydlig med att han tycker att den regeln ska g\u00e4lla \u00e4ven ATP-turneringar.<\/p>\n<p>\u2013 Vill ni att en spelare ska d\u00f6 p\u00e5 planen? fr\u00e5gade han under en presskonferens i helgen.<\/p>\n","protected":false},"excerpt":{"rendered":"Publicerad 8 okt 2025 kl 05.23Uppdaterad kl 06.06 Novak Djokovic \u00e4r nu den \u00e4ldsta herrspelaren att ta sig&hellip;\n","protected":false},"author":2,"featured_media":49982,"comment_status":"","ping_status":"","sticky":false,"template":"","format":"standard","meta":{"footnotes":""},"categories":[68],"tags":[2392,34,307,111,110,31,33,32,30],"class_list":{"0":"post-49981","1":"post","2":"type-post","3":"status-publish","4":"format-standard","5":"has-post-thumbnail","7":"category-sport","8":"tag-person-novak-djokovic","9":"tag-se","10":"tag-sections-tennis","11":"tag-sport","12":"tag-sports","13":"tag-svenska","14":"tag-sverige","15":"tag-sweden","16":"tag-swedish"},"share_on_mastodon":{"url":"","error":""},"_links":{"self":[{"href":"https:\/\/www.europesays.com\/se\/wp-json\/wp\/v2\/posts\/49981","targetHints":{"allow":["GET"]}}],"collection":[{"href":"https:\/\/www.europesays.com\/se\/wp-json\/wp\/v2\/posts"}],"about":[{"href":"https:\/\/www.europesays.com\/se\/wp-json\/wp\/v2\/types\/post"}],"author":[{"embeddable":true,"href":"https:\/\/www.europesays.com\/se\/wp-json\/wp\/v2\/users\/2"}],"replies":[{"embeddable":true,"href":"https:\/\/www.europesays.com\/se\/wp-json\/wp\/v2\/comments?post=49981"}],"version-history":[{"count":0,"href":"https:\/\/www.europesays.com\/se\/wp-json\/wp\/v2\/posts\/49981\/revisions"}],"wp:featuredmedia":[{"embeddable":true,"href":"https:\/\/www.europesays.com\/se\/wp-json\/wp\/v2\/media\/49982"}],"wp:attachment":[{"href":"https:\/\/www.europesays.com\/se\/wp-json\/wp\/v2\/media?parent=49981"}],"wp:term":[{"taxonomy":"category","embeddable":true,"href":"https:\/\/www.europesays.com\/se\/wp-json\/wp\/v2\/categories?post=49981"},{"taxonomy":"post_tag","embeddable":true,"href":"https:\/\/www.europesays.com\/se\/wp-json\/wp\/v2\/tags?post=49981"}],"curies":[{"name":"wp","href":"https:\/\/api.w.org\/{rel}","templated":true}]}}