{"id":49996,"date":"2025-10-08T04:31:21","date_gmt":"2025-10-08T04:31:21","guid":{"rendered":"https:\/\/www.europesays.com\/se\/49996\/"},"modified":"2025-10-08T04:31:21","modified_gmt":"2025-10-08T04:31:21","slug":"varme-och-vatten-skenar-rekord-i-prischock","status":"publish","type":"post","link":"https:\/\/www.europesays.com\/se\/49996\/","title":{"rendered":"V\u00e4rme och vatten skenar: \u201dRekord i prischock\u201d"},"content":{"rendered":"<p>Kostnaderna f\u00f6r fj\u00e4rrv\u00e4rme och vatten forts\u00e4tter att rusa f\u00f6r de svenska hush\u00e5llen, visar den senaste Nils Holgerssonrapporten. <\/p>\n<p>\u2013 \u00c5rets siffror inneb\u00e4r ett rekord i prischock, s\u00e4ger organisationens ordf\u00f6rande Joachim H\u00f6ggren. <\/p>\n<p>Fj\u00e4rrv\u00e4rmen har i genomsnitt blivit 9,2 procent dyrare det senaste \u00e5ret. Det \u00e4r den n\u00e4st st\u00f6rsta h\u00f6jningen p\u00e5 trettio \u00e5r.<\/p>\n<p>\u2013 Det visar att fjol\u00e5rets rekordh\u00f6jning inte var en eng\u00e5ngsh\u00e4ndelse, utan en trend som riskerar att urholka hush\u00e5llens och fastighets\u00e4garnas ekonomi, s\u00e4ger Rikard Silverfur, ordf\u00f6rande f\u00f6r Nils Holgerssongruppen.<\/p>\n<p>Samtidigt har vattentaxan stigit med 13 procent j\u00e4mf\u00f6rt med f\u00f6rra \u00e5ret, vilket \u00e4r den st\u00f6rsta \u00f6kningen sedan m\u00e4tningarna b\u00f6rjade. <\/p>\n<p>Elpriserna har fallit tillbaka sedan rekord\u00e5ret 2022, men nu har i\u202fst\u00e4llet eln\u00e4tsavgifterna skenat. \u00c4ven h\u00e4r sl\u00e5s ett trettio\u00e5rigt rekord med uppg\u00e5ngar p\u00e5 i snitt 11 procent.<\/p>\n<p>\u2013 Den h\u00e4r prisutvecklingen \u00e4r inte h\u00e5llbar och det blir s\u00e4rskilt allvarligt eftersom det handlar om tj\u00e4nster som ingen kan g\u00f6ra avkall p\u00e5, s\u00e4ger  ordf\u00f6rande Joachim H\u00f6ggren. <\/p>\n<p>Omni \u00e4r politiskt obundna och oberoende. Vi str\u00e4var efter att ge fler perspektiv p\u00e5 nyheterna. Har du fr\u00e5gor eller synpunkter kring v\u00e5r rapportering? <a href=\"https:\/\/omni.se\/varme-och-vatten-skenar-rekord-i-prischock\/a\/mailto:redaktion@omni.se\" class=\"ArticleActions_contactLink__W2F1M\" rel=\"nofollow noopener\" target=\"_blank\">Kontakta redaktionen<\/a><\/p>\n","protected":false},"excerpt":{"rendered":"Kostnaderna f\u00f6r fj\u00e4rrv\u00e4rme och vatten forts\u00e4tter att rusa f\u00f6r de svenska hush\u00e5llen, visar den senaste Nils Holgerssonrapporten. \u2013&hellip;\n","protected":false},"author":2,"featured_media":49997,"comment_status":"","ping_status":"","sticky":false,"template":"","format":"standard","meta":{"footnotes":""},"categories":[5],"tags":[22,23,26,27,17,21,24,25,28,29,15,16,349,18,34,31,33,32,30,19,20],"class_list":{"0":"post-49996","1":"post","2":"type-post","3":"status-publish","4":"format-standard","5":"has-post-thumbnail","7":"category-rubriker","8":"tag-breaking-news","9":"tag-breakingnews","10":"tag-featured-news","11":"tag-featurednews","12":"tag-headlines","13":"tag-huvudnyheter","14":"tag-latest-news","15":"tag-latestnews","16":"tag-main-news","17":"tag-mainnews","18":"tag-news","19":"tag-nyheter","20":"tag-privatekonomi","21":"tag-rubriker","22":"tag-se","23":"tag-svenska","24":"tag-sverige","25":"tag-sweden","26":"tag-swedish","27":"tag-top-stories","28":"tag-topstories"},"share_on_mastodon":{"url":"","error":""},"_links":{"self":[{"href":"https:\/\/www.europesays.com\/se\/wp-json\/wp\/v2\/posts\/49996","targetHints":{"allow":["GET"]}}],"collection":[{"href":"https:\/\/www.europesays.com\/se\/wp-json\/wp\/v2\/posts"}],"about":[{"href":"https:\/\/www.europesays.com\/se\/wp-json\/wp\/v2\/types\/post"}],"author":[{"embeddable":true,"href":"https:\/\/www.europesays.com\/se\/wp-json\/wp\/v2\/users\/2"}],"replies":[{"embeddable":true,"href":"https:\/\/www.europesays.com\/se\/wp-json\/wp\/v2\/comments?post=49996"}],"version-history":[{"count":0,"href":"https:\/\/www.europesays.com\/se\/wp-json\/wp\/v2\/posts\/49996\/revisions"}],"wp:featuredmedia":[{"embeddable":true,"href":"https:\/\/www.europesays.com\/se\/wp-json\/wp\/v2\/media\/49997"}],"wp:attachment":[{"href":"https:\/\/www.europesays.com\/se\/wp-json\/wp\/v2\/media?parent=49996"}],"wp:term":[{"taxonomy":"category","embeddable":true,"href":"https:\/\/www.europesays.com\/se\/wp-json\/wp\/v2\/categories?post=49996"},{"taxonomy":"post_tag","embeddable":true,"href":"https:\/\/www.europesays.com\/se\/wp-json\/wp\/v2\/tags?post=49996"}],"curies":[{"name":"wp","href":"https:\/\/api.w.org\/{rel}","templated":true}]}}