{"id":50042,"date":"2025-10-08T05:22:12","date_gmt":"2025-10-08T05:22:12","guid":{"rendered":"https:\/\/www.europesays.com\/se\/50042\/"},"modified":"2025-10-08T05:22:12","modified_gmt":"2025-10-08T05:22:12","slug":"anthony-elanga-slar-tillbaka-mot-kritiken-vet-hur-bra-jag-ar-landslaget","status":"publish","type":"post","link":"https:\/\/www.europesays.com\/se\/50042\/","title":{"rendered":"Anthony Elanga sl\u00e5r tillbaka mot kritiken: \u201dVet hur bra jag \u00e4r\u201d | Landslaget"},"content":{"rendered":"<p>Publicerad 7 okt 2025 kl 13.30Uppdaterad kl 13.42<\/p>\n<p>Anthony Elanga, 23, har s\u00e5gats f\u00f6r sina inledande insatser i Newcastle.<\/p>\n<p>Nu sl\u00e5r landslagsyttern tillbaka.<\/p>\n<p>\u2013 Jag vet hur bra jag \u00e4r, s\u00e4ger han.<\/p>\n<p><img loading=\"lazy\"   alt=\"\"\/> <\/p>\n<p>Foto: Pontus Lundahl\/TT \/ TT NYHETSBYR\u00c5N<\/p>\n<p>\u00d6ppna bild i helsk\u00e4rm<img loading=\"lazy\"   alt=\"\"\/> <\/p>\n<p>Foto: DAVIES\/PROSPORTS\/SHUTTERSTOCK \/ SHUTTERSTOCK EDITORIAL\/IBL<\/p>\n<p>\u00d6ppna bild i helsk\u00e4rm<\/p>\n<p>I somras blev <a href=\"https:\/\/www.expressen.se\/tagg\/person\/anthony-elanga\/\" class=\"\" rel=\"nofollow noopener\" target=\"_blank\">Anthony Elanga<\/a> Newcastles tredje dyraste v\u00e4rvning genom tiderna. Drygt 700 miljoner kronor uppges han ha kostat den svartvitrandiga klubben.<\/p>\n<p>Med den \u00f6verg\u00e5ngssumman kommer f\u00f6rv\u00e4ntningar. Men p\u00e5 sina tio inledande matcher i klubben har svensken enbart m\u00e4ktat med en assist i po\u00e4ngv\u00e4g.<\/p>\n<p>Hans insatser har m\u00f6tts av kritik. Bland annat fr\u00e5n den Newcastle-insatta journalisten Craig Hope fr\u00e5n Daily Mail.<\/p>\n<p>\u201dHan har spelat sig ut ur laget. Hans inledning har varit en stor besvikelse\u201d, <a href=\"https:\/\/x.com\/CraigHope_DM\/status\/1972591549117841539\" rel=\"nofollow\">skriver Hope<\/a>.<\/p>\n<p>Sl\u00e5r tillbaka: \u201dVet hur bra jag \u00e4r\u201d<\/p>\n<p>N\u00e4r Elanga m\u00f6tte pressen under veckans landslagssamling bem\u00f6tte han det negativa omd\u00f6met.<\/p>\n<p>\u2013 Det \u00e4r ett maratonlopp, inte ett sprintlopp. Det \u00e4r bara att h\u00e5lla fokus. Jag vet hur bra jag \u00e4r och hur bra jag kan bli. N\u00e4r jag f\u00e5r chansen m\u00e5ste jag ta den. N\u00e4r ett m\u00e5l g\u00e5r in kommer det klicka.<\/p>\n<p>Han \u00e4r \u00e4ven noga med att hylla sin tr\u00e4nare Eddie Howe.<\/p>\n<p>\u2013 Det \u00e4r ett nytt system, nya spelare och de ska bli bekv\u00e4m med mig och jag med dem. En fantastisk tr\u00e4nare som jag l\u00e4r mig mycket av, s\u00e4ger han och forts\u00e4tter:<\/p>\n<p>\u2013 F\u00f6r mig \u00e4r det den b\u00e4sta tr\u00e4naren jag haft. Han hj\u00e4lper mig mycket p\u00e5 och utanf\u00f6r planen. Jag k\u00e4nner att jag blir b\u00e4ttre.<\/p>\n<p>\u201dDet \u00e4r det viktigaste\u201d<\/p>\n<p>Att det d\u00e4r f\u00f6rsta m\u00e5let inte g\u00e5tt in \u00e4n \u00e4r inget som stressar 23-\u00e5ringen. M\u00e5nga chanser \u00e5terst\u00e5r \u00e4nnu.<\/p>\n<p>\u2013 Jag har spelat tio matcher, tror jag startat sex. Vi kommer ha 60 matcher i \u00e5r och tr\u00e4naren \u00e4r smart och vet vad han g\u00f6r. S\u00e4ttet vi spelar p\u00e5 sliter mycket p\u00e5 kroppen. Det kr\u00e4vs intensitet. Han f\u00f6rs\u00f6ker h\u00e5lla alla fr\u00e4scha och redo. Vi har vunnit matcher, det \u00e4r det viktigaste.<\/p>\n<p>Newcastle har vunnit tv\u00e5 matcher av de inledande sju i Premier League, och ligger p\u00e5 en elfteplats i tabellen.<\/p>\n","protected":false},"excerpt":{"rendered":"Publicerad 7 okt 2025 kl 13.30Uppdaterad kl 13.42 Anthony Elanga, 23, har s\u00e5gats f\u00f6r sina inledande insatser i&hellip;\n","protected":false},"author":2,"featured_media":50043,"comment_status":"","ping_status":"","sticky":false,"template":"","format":"standard","meta":{"footnotes":""},"categories":[68],"tags":[244,1336,4962,34,129,146,111,110,31,33,32,30],"class_list":{"0":"post-50042","1":"post","2":"type-post","3":"status-publish","4":"format-standard","5":"has-post-thumbnail","7":"category-sport","8":"tag-organization-premier-league","9":"tag-organization-sveriges-herrlandslag-i-fotboll","10":"tag-person-anthony-elanga","11":"tag-se","12":"tag-sections-fotboll","13":"tag-sections-landslaget","14":"tag-sport","15":"tag-sports","16":"tag-svenska","17":"tag-sverige","18":"tag-sweden","19":"tag-swedish"},"share_on_mastodon":{"url":"","error":""},"_links":{"self":[{"href":"https:\/\/www.europesays.com\/se\/wp-json\/wp\/v2\/posts\/50042","targetHints":{"allow":["GET"]}}],"collection":[{"href":"https:\/\/www.europesays.com\/se\/wp-json\/wp\/v2\/posts"}],"about":[{"href":"https:\/\/www.europesays.com\/se\/wp-json\/wp\/v2\/types\/post"}],"author":[{"embeddable":true,"href":"https:\/\/www.europesays.com\/se\/wp-json\/wp\/v2\/users\/2"}],"replies":[{"embeddable":true,"href":"https:\/\/www.europesays.com\/se\/wp-json\/wp\/v2\/comments?post=50042"}],"version-history":[{"count":0,"href":"https:\/\/www.europesays.com\/se\/wp-json\/wp\/v2\/posts\/50042\/revisions"}],"wp:featuredmedia":[{"embeddable":true,"href":"https:\/\/www.europesays.com\/se\/wp-json\/wp\/v2\/media\/50043"}],"wp:attachment":[{"href":"https:\/\/www.europesays.com\/se\/wp-json\/wp\/v2\/media?parent=50042"}],"wp:term":[{"taxonomy":"category","embeddable":true,"href":"https:\/\/www.europesays.com\/se\/wp-json\/wp\/v2\/categories?post=50042"},{"taxonomy":"post_tag","embeddable":true,"href":"https:\/\/www.europesays.com\/se\/wp-json\/wp\/v2\/tags?post=50042"}],"curies":[{"name":"wp","href":"https:\/\/api.w.org\/{rel}","templated":true}]}}