{"id":50219,"date":"2025-10-08T08:32:09","date_gmt":"2025-10-08T08:32:09","guid":{"rendered":"https:\/\/www.europesays.com\/se\/50219\/"},"modified":"2025-10-08T08:32:09","modified_gmt":"2025-10-08T08:32:09","slug":"tysta-nervceller-aktiveras-och-utloser-aggressivt-beteende-under-moderskap","status":"publish","type":"post","link":"https:\/\/www.europesays.com\/se\/50219\/","title":{"rendered":"Tysta nervceller aktiveras och utl\u00f6ser aggressivt beteende under moderskap"},"content":{"rendered":"<p>Forskarna identifierade en specifik grupp nervceller i hypothalamus \u2013 ett djupt liggande omr\u00e5de i hj\u00e4rnan som styr instinktiva beteenden \u2013 som normalt \u00e4r inaktiva men kan aktiveras f\u00f6r att framkalla aggression. Genom avancerad optogenetisk teknik kunde forskarna stimulera eller h\u00e4mma dessa celler med ljus f\u00f6r att direkt p\u00e5verka deras beteende.<\/p>\n<p>N\u00e4r dessa nervceller aktiverades blev m\u00f6drarna mer ben\u00e4gna att f\u00f6rsvara sina ungar genom aggressiva handlingar mot potentiella hot. Samtidigt f\u00f6rblev samma celler inaktiva hos m\u00f6ss utan ungar, vilket tyder p\u00e5 att moderskap f\u00f6r\u00e4ndrar hj\u00e4rnans funktion p\u00e5 ett mycket specifikt s\u00e4tt.<\/p>\n<p>Resultaten ger ny f\u00f6rst\u00e5else f\u00f6r hur hj\u00e4rnan reglerar instinktiva beteenden som aggression och f\u00f6r\u00e4ldraskap, och kan bidra till forskning om neuropsykiatriska tillst\u00e5nd d\u00e4r dessa beteenden \u00e4r st\u00f6rda.<\/p>\n<p>Studien leddes av <a href=\"https:\/\/ki.se\/en\/people\/stefanos-stagkourakis\" data-entity-type=\"external\" rel=\"nofollow noopener\" target=\"_blank\">Stefanos Stagkourakis<\/a>, bitr\u00e4dande lektor i molekyl\u00e4r livsvetenskap vid SciLifeLab och Karolinska Institutet, <a href=\"https:\/\/ki.se\/neuro\" data-entity-type=\"external\" rel=\"nofollow noopener\" target=\"_blank\">Institutionen f\u00f6r neurovetenskap<\/a>, i samarbete med Christian Broberger, professor i neurokemi vid Stockholms universitet.<\/p>\n<p>Publikation<\/p>\n<p><a href=\"https:\/\/pubmed.ncbi.nlm.nih.gov\/41022751\" rel=\"nofollow noopener\" target=\"_blank\">Maternal aggression driven by the transient mobilisation of a dormant hormone-sensitive circuit.<\/a><br \/>Stagkourakis S, Williams P, Spigolon G, Khanal S, Ziegler K, Heikkinen L, Fisone G, Broberger C<br \/>Nat Commun 2025 Sep;16(1):8553<\/p>\n","protected":false},"excerpt":{"rendered":"Forskarna identifierade en specifik grupp nervceller i hypothalamus \u2013 ett djupt liggande omr\u00e5de i hj\u00e4rnan som styr instinktiva&hellip;\n","protected":false},"author":2,"featured_media":50220,"comment_status":"","ping_status":"","sticky":false,"template":"","format":"standard","meta":{"footnotes":""},"categories":[69],"tags":[113,112,34,31,33,32,30],"class_list":{"0":"post-50219","1":"post","2":"type-post","3":"status-publish","4":"format-standard","5":"has-post-thumbnail","7":"category-halsa","8":"tag-halsa","9":"tag-health","10":"tag-se","11":"tag-svenska","12":"tag-sverige","13":"tag-sweden","14":"tag-swedish"},"share_on_mastodon":{"url":"","error":""},"_links":{"self":[{"href":"https:\/\/www.europesays.com\/se\/wp-json\/wp\/v2\/posts\/50219","targetHints":{"allow":["GET"]}}],"collection":[{"href":"https:\/\/www.europesays.com\/se\/wp-json\/wp\/v2\/posts"}],"about":[{"href":"https:\/\/www.europesays.com\/se\/wp-json\/wp\/v2\/types\/post"}],"author":[{"embeddable":true,"href":"https:\/\/www.europesays.com\/se\/wp-json\/wp\/v2\/users\/2"}],"replies":[{"embeddable":true,"href":"https:\/\/www.europesays.com\/se\/wp-json\/wp\/v2\/comments?post=50219"}],"version-history":[{"count":0,"href":"https:\/\/www.europesays.com\/se\/wp-json\/wp\/v2\/posts\/50219\/revisions"}],"wp:featuredmedia":[{"embeddable":true,"href":"https:\/\/www.europesays.com\/se\/wp-json\/wp\/v2\/media\/50220"}],"wp:attachment":[{"href":"https:\/\/www.europesays.com\/se\/wp-json\/wp\/v2\/media?parent=50219"}],"wp:term":[{"taxonomy":"category","embeddable":true,"href":"https:\/\/www.europesays.com\/se\/wp-json\/wp\/v2\/categories?post=50219"},{"taxonomy":"post_tag","embeddable":true,"href":"https:\/\/www.europesays.com\/se\/wp-json\/wp\/v2\/tags?post=50219"}],"curies":[{"name":"wp","href":"https:\/\/api.w.org\/{rel}","templated":true}]}}