{"id":50223,"date":"2025-10-08T08:34:12","date_gmt":"2025-10-08T08:34:12","guid":{"rendered":"https:\/\/www.europesays.com\/se\/50223\/"},"modified":"2025-10-08T08:34:12","modified_gmt":"2025-10-08T08:34:12","slug":"donald-trumps-kommentar-om-bad-bunny-infor-super-bowl-helt-lojligt","status":"publish","type":"post","link":"https:\/\/www.europesays.com\/se\/50223\/","title":{"rendered":"Donald Trumps kommentar om Bad Bunny inf\u00f6r Super Bowl: &#8221;Helt l\u00f6jligt&#8221;"},"content":{"rendered":"<p class=\"p1\">USA:s president <strong>Donald Trump<\/strong> verkar ha en del att s\u00e4ga om <strong>Bad Bunny<\/strong>. Presidenten \u00e4r allt annat \u00e4n n\u00f6jd \u00f6ver att den puertoricanska superstj\u00e4rnan valts till n\u00e4sta \u00e5rs <a target=\"_blank\" href=\"https:\/\/dopest.se\/bad-bunny-nfl-super-bowl-lx-halftime-show-headline\/\" rel=\"nofollow noopener\">Super Bowl-halvtidsshow<\/a>, och han h\u00e5ller inte igen i sin kritik.<\/p>\n<p class=\"p1\">I en intervju med Newsmax fick Trump fr\u00e5gan om NFL-fans borde bojkotta Super Bowl efter att artisten blivit klar som huvudakt. Programledaren Greg Kelly kallade artisten \u201dden d\u00e4r killen som hatar ICE\u201d, d\u00e5 Trump svarade:<\/p>\n<blockquote>\n<p>\u201dJag har aldrig h\u00f6rt talas om honom. Jag vet inte vem han \u00e4r eller varf\u00f6r de valde honom. Det \u00e4r helt galet. Fullst\u00e4ndigt l\u00f6jligt.\u201d<\/p>\n<\/blockquote>\n<p class=\"p1\">Konflikten mellan Trump och Bad Bunny \u00e4r l\u00e5ngt ifr\u00e5n ny. Artisten har flera g\u00e5nger kritiserat Trumps h\u00e5rda migrationspolitik och kallat den amerikanska immigrationsmyndigheten ICE f\u00f6r \u201dde j\u00e4vlarna\u201d p\u00e5 Instagram.<\/p>\n<p class=\"p1\">N\u00e4r han tidigare i \u00e5r annonserade sin v\u00e4rldsturn\u00e9 valde han dessutom att inte spela i USA, just p\u00e5 grund av oron att hans fans skulle kunna uts\u00e4ttas f\u00f6r r\u00e4der och massdeportationer.<\/p>\n<p class=\"p1\">Efter nyheten om Super Bowl skrev han dock p\u00e5 X:<\/p>\n<blockquote>\n<p>\u201dJag har t\u00e4nkt p\u00e5 det i flera dagar, och efter att ha pratat med mitt team tror jag att jag g\u00f6r bara ett datum i USA.\u201d<\/p>\n<\/blockquote>\n<p>ICE-hot inf\u00f6r Super Bowl<\/p>\n<p class=\"p1\">Efter att Bad Bunny presenterats som Super Bowl-artist gick Trumps inrikesminister Kristi Noem ut och varnade f\u00f6r att ICE-agenter kommer finnas \u201d\u00f6verallt\u201d under evenemanget.<\/p>\n<blockquote>\n<p>\u201dJag m\u00e5ste se till att alla f\u00e5r njuta av matchen och l\u00e4mna i trygghet. Det \u00e4r vad Amerika handlar om,\u201d sa Noem i The Benny Show.<\/p>\n<\/blockquote>\n<p class=\"p1\">Bad Bunny verkar dock inte bry sig s\u00e4rskilt mycket om dramat. Han har redan blickarna mot Europa, med tv\u00e5 stopp i Stockholm den 10 och 11 juli 2026, som en del av sin v\u00e4rldsturn\u00e9.<\/p>\n","protected":false},"excerpt":{"rendered":"USA:s president Donald Trump verkar ha en del att s\u00e4ga om Bad Bunny. Presidenten \u00e4r allt annat \u00e4n&hellip;\n","protected":false},"author":2,"featured_media":50224,"comment_status":"","ping_status":"","sticky":false,"template":"","format":"standard","meta":{"footnotes":""},"categories":[67],"tags":[4502,385,104,34,4989,31,33,32,30,105],"class_list":{"0":"post-50223","1":"post","2":"type-post","3":"status-publish","4":"format-standard","5":"has-post-thumbnail","7":"category-underhallning","8":"tag-bad-bunny","9":"tag-donald-trump","10":"tag-entertainment","11":"tag-se","12":"tag-super-bowl-lx","13":"tag-svenska","14":"tag-sverige","15":"tag-sweden","16":"tag-swedish","17":"tag-underhallning"},"share_on_mastodon":{"url":"","error":""},"_links":{"self":[{"href":"https:\/\/www.europesays.com\/se\/wp-json\/wp\/v2\/posts\/50223","targetHints":{"allow":["GET"]}}],"collection":[{"href":"https:\/\/www.europesays.com\/se\/wp-json\/wp\/v2\/posts"}],"about":[{"href":"https:\/\/www.europesays.com\/se\/wp-json\/wp\/v2\/types\/post"}],"author":[{"embeddable":true,"href":"https:\/\/www.europesays.com\/se\/wp-json\/wp\/v2\/users\/2"}],"replies":[{"embeddable":true,"href":"https:\/\/www.europesays.com\/se\/wp-json\/wp\/v2\/comments?post=50223"}],"version-history":[{"count":0,"href":"https:\/\/www.europesays.com\/se\/wp-json\/wp\/v2\/posts\/50223\/revisions"}],"wp:featuredmedia":[{"embeddable":true,"href":"https:\/\/www.europesays.com\/se\/wp-json\/wp\/v2\/media\/50224"}],"wp:attachment":[{"href":"https:\/\/www.europesays.com\/se\/wp-json\/wp\/v2\/media?parent=50223"}],"wp:term":[{"taxonomy":"category","embeddable":true,"href":"https:\/\/www.europesays.com\/se\/wp-json\/wp\/v2\/categories?post=50223"},{"taxonomy":"post_tag","embeddable":true,"href":"https:\/\/www.europesays.com\/se\/wp-json\/wp\/v2\/tags?post=50223"}],"curies":[{"name":"wp","href":"https:\/\/api.w.org\/{rel}","templated":true}]}}