{"id":50225,"date":"2025-10-08T08:39:08","date_gmt":"2025-10-08T08:39:08","guid":{"rendered":"https:\/\/www.europesays.com\/se\/50225\/"},"modified":"2025-10-08T08:39:08","modified_gmt":"2025-10-08T08:39:08","slug":"larm-om-farligt-damm-i-stenas-anlaggning-groteska-nivaer","status":"publish","type":"post","link":"https:\/\/www.europesays.com\/se\/50225\/","title":{"rendered":"Larm om farligt damm i Stenas anl\u00e4ggning: \u201dGroteska niv\u00e5er\u201d"},"content":{"rendered":"<p>Av Malin Lilja, Omni Ekonomi<br \/>Publicerad 8 oktober, 10:12. Uppdaterad 8 oktober, 10:26<\/p>\n<p>I flera \u00e5r har anst\u00e4llda p\u00e5 Stena Recyclings anl\u00e4ggning i Halmstad arbetat i h\u00e4lsofarligt damm med h\u00f6ga niv\u00e5er av tungmetaller, visar en granskning fr\u00e5n P4 Halland. 20 tidigare och nuvarande anst\u00e4llda vittnar om att de utsatts f\u00f6r damm redan fr\u00e5n att anl\u00e4ggningen \u00f6ppnade 2016.<\/p>\n<p>Trots flera larm till Arbetsmilj\u00f6verket och f\u00f6retagsh\u00e4lsov\u00e5rd har Stena inte vidtagit n\u00e5gra betydande \u00e5tg\u00e4rder f\u00f6r att komma tillr\u00e4tta med problemen, rapporterar radion.<\/p>\n<p>H\u00e5kan Tinneberg, docent i arbets- och milj\u00f6medicin vid Sahlgrenska, s\u00e4ger att de h\u00e4lsofarliga niv\u00e5erna i dammet \u00e4r bland de h\u00f6gsta han st\u00f6tt p\u00e5 i karri\u00e4ren och kallar niv\u00e5erna \u201dgroteska\u201d. <\/p>\n<p>Anl\u00e4ggningens produktionschef Roland Karlsson medger att det finns brister och s\u00e4ger att den l\u00e5ngsamma processen att \u00e5tg\u00e4rda problemen delvis beror p\u00e5 tekniska utmaningar.  <\/p>\n<p>Omni \u00e4r politiskt obundna och oberoende. Vi str\u00e4var efter att ge fler perspektiv p\u00e5 nyheterna. Har du fr\u00e5gor eller synpunkter kring v\u00e5r rapportering? <a href=\"https:\/\/omni.se\/larm-om-farligt-damm-i-stenas-anlaggning-groteska-nivaer\/a\/mailto:redaktion@omni.se\" class=\"ArticleActions_contactLink__W2F1M\" rel=\"nofollow noopener\" target=\"_blank\">Kontakta redaktionen<\/a><\/p>\n","protected":false},"excerpt":{"rendered":"Av Malin Lilja, Omni EkonomiPublicerad 8 oktober, 10:12. Uppdaterad 8 oktober, 10:26 I flera \u00e5r har anst\u00e4llda p\u00e5&hellip;\n","protected":false},"author":2,"featured_media":50226,"comment_status":"","ping_status":"","sticky":false,"template":"","format":"standard","meta":{"footnotes":""},"categories":[5],"tags":[4679,22,23,26,27,17,21,1887,24,25,28,29,15,16,18,34,4990,31,33,32,30,19,20],"class_list":{"0":"post-50225","1":"post","2":"type-post","3":"status-publish","4":"format-standard","5":"has-post-thumbnail","7":"category-rubriker","8":"tag-arbetsmiljo","9":"tag-breaking-news","10":"tag-breakingnews","11":"tag-featured-news","12":"tag-featurednews","13":"tag-headlines","14":"tag-huvudnyheter","15":"tag-industri-tillverkning","16":"tag-latest-news","17":"tag-latestnews","18":"tag-main-news","19":"tag-mainnews","20":"tag-news","21":"tag-nyheter","22":"tag-rubriker","23":"tag-se","24":"tag-stena-ab","25":"tag-svenska","26":"tag-sverige","27":"tag-sweden","28":"tag-swedish","29":"tag-top-stories","30":"tag-topstories"},"share_on_mastodon":{"url":"","error":""},"_links":{"self":[{"href":"https:\/\/www.europesays.com\/se\/wp-json\/wp\/v2\/posts\/50225","targetHints":{"allow":["GET"]}}],"collection":[{"href":"https:\/\/www.europesays.com\/se\/wp-json\/wp\/v2\/posts"}],"about":[{"href":"https:\/\/www.europesays.com\/se\/wp-json\/wp\/v2\/types\/post"}],"author":[{"embeddable":true,"href":"https:\/\/www.europesays.com\/se\/wp-json\/wp\/v2\/users\/2"}],"replies":[{"embeddable":true,"href":"https:\/\/www.europesays.com\/se\/wp-json\/wp\/v2\/comments?post=50225"}],"version-history":[{"count":0,"href":"https:\/\/www.europesays.com\/se\/wp-json\/wp\/v2\/posts\/50225\/revisions"}],"wp:featuredmedia":[{"embeddable":true,"href":"https:\/\/www.europesays.com\/se\/wp-json\/wp\/v2\/media\/50226"}],"wp:attachment":[{"href":"https:\/\/www.europesays.com\/se\/wp-json\/wp\/v2\/media?parent=50225"}],"wp:term":[{"taxonomy":"category","embeddable":true,"href":"https:\/\/www.europesays.com\/se\/wp-json\/wp\/v2\/categories?post=50225"},{"taxonomy":"post_tag","embeddable":true,"href":"https:\/\/www.europesays.com\/se\/wp-json\/wp\/v2\/tags?post=50225"}],"curies":[{"name":"wp","href":"https:\/\/api.w.org\/{rel}","templated":true}]}}