{"id":50235,"date":"2025-10-08T08:49:07","date_gmt":"2025-10-08T08:49:07","guid":{"rendered":"https:\/\/www.europesays.com\/se\/50235\/"},"modified":"2025-10-08T08:49:07","modified_gmt":"2025-10-08T08:49:07","slug":"storklubben-svarar-efter-bulan-ryktet","status":"publish","type":"post","link":"https:\/\/www.europesays.com\/se\/50235\/","title":{"rendered":"Storklubben svarar &#8211; efter &#8221;Bulan&#8221;-ryktet"},"content":{"rendered":"<p><strong>Kan Thomas Berglund vara ett alternativ f\u00f6r SC Bern till n\u00e4sta s\u00e4song? Efter l\u00f6sningen med Ehlers bem\u00f6ter nu sportchefen Martin Pl\u00fcss uppgifterna kring <a href=\"https:\/\/hockeysverige.se\/klubb\/lulea-hockey\/\" rel=\"nofollow noopener\" target=\"_blank\">Lule\u00e5<\/a>-tr\u00e4naren. <\/strong><br \/><strong>\u2013\u00a0Jag har h\u00f6rt att det g\u00e5r ett rykte om att han har skrivit p\u00e5 f\u00f6r oss, s\u00e4ger han till <a href=\"https:\/\/www.nsd.se\/sport\/ishockey\/artikel\/schweiziska-storklubben-intresseras-av-bulan-bra-tranare\/rx78znyl\" rel=\"nofollow noopener\" target=\"_blank\">NSD.<\/a><\/strong><\/p>\n<p><img loading=\"lazy\" decoding=\"async\" width=\"1024\" height=\"658\" src=\"https:\/\/www.europesays.com\/se\/wp-content\/uploads\/2025\/10\/Bulan-1024x658.webp.webp\" alt=\"\" class=\"wp-image-311127\"  \/>Thomas \u201dBulan\u201d Berglund. <strong>Foto<\/strong>: Bildbyr\u00e5n\/Simon Eliasson.<\/p>\n<p>\u201dJag k\u00e4nde tidigt att det blir ett bra tillf\u00e4lle med en f\u00f6r\u00e4ndring f\u00f6r b\u00e5de mig och f\u00f6reningen\u201d<\/p>\n<p>S\u00e5 l\u00e4t det i slutet av augusti d\u00e5 det stod klart att Thomas \u201dBulan\u201d Berglund l\u00e4mnar Lule\u00e5 efter 2025\/26-s\u00e4songen. En tung inledning med endast nio po\u00e4ng efter nio matcher har sedan f\u00f6ljt f\u00f6r de regerande m\u00e4starna, och nu ryktas <a href=\"https:\/\/hockeysverige.se\/shl\/\" rel=\"nofollow noopener\" target=\"_blank\">SHL<\/a>-tr\u00e4naren vara av intresse f\u00f6r en klubb ute i Europa. <\/p>\n<p>Det \u00e4r NSD som under onsdagen delger ryktet om schweiziska SC Bern, och f\u00f6r tidningen svarar \u00e4ven den tillf\u00e4llige sportchefen Martin Pl\u00fcss. <\/p>\n<p>\u2013 Jag har h\u00f6rt att det g\u00e5r ett rykte om att han har skrivit p\u00e5 f\u00f6r oss, men det st\u00e4mmer allts\u00e5 inte, s\u00e4ger profilen med ett f\u00f6rflutet som spelare i Fr\u00f6lunda.<br \/>\u2013 Vi vet vad han har gjort d\u00e4r uppe och det \u00e4r en bra tr\u00e4nare och ett intressant namn. Mer \u00e4n s\u00e5 kan jag inte s\u00e4ga i det h\u00e4r l\u00e4get, forts\u00e4tter han. <\/p>\n<p>Sparkade tr\u00e4naren \u2013 valde Heinz Ehlers<\/p>\n<p>\u00c4ven SC Bern har f\u00e5tt en tung start p\u00e5 2025\/26 och ligger i skrivande stund strax \u00f6ver kval i den schweiziska h\u00f6gstaligan. <\/p>\n<p>Huvudtr\u00e4naren Jussi Tapola fick sparken 1 oktober och i m\u00e5ndags presenterades 59-\u00e5rige dansken Heinz Ehlers som ers\u00e4ttare. Det avtalet g\u00e4ller dock bara s\u00e4songen ut. D\u00e4refter ryktas Ehlers vilja flytta hem till Danmark. N\u00e5got som skulle kunna \u00f6ppna f\u00f6r en \u201dBulan\u201d-l\u00f6sning i Bern. <\/p>\n<p>\u2013 Det \u00e4r inte s\u00e5 m\u00e5nga bra tr\u00e4nare som har utg\u00e5ende kontrakt \u2013 och f\u00f6rm\u00e5gan att utveckla unga spelare och vinna titlar \u2013 s\u00e5 vi f\u00e5r inte b\u00f6rja f\u00f6r sent, s\u00e4ger Pl\u00fcss till NSD och bekr\u00e4ftar att processen inleds nu i oktober. <\/p>\n<p>I SC Bern spelar just nu svenskarna Adam Reideborn, Hardy H\u00e4man Aktell, Anton Lindholm, Emil Bemstr\u00f6m och Victor Ejdsell. <\/p>\n<p> Source: <a href=\"https:\/\/www.eliteprospects.com\/team\/108\/sc-bern\" target=\"_blank\" rel=\"noopener noreferrer nofollow\">SC Bern<\/a> @ Elite Prospects<\/p>\n","protected":false},"excerpt":{"rendered":"Kan Thomas Berglund vara ett alternativ f\u00f6r SC Bern till n\u00e4sta s\u00e4song? Efter l\u00f6sningen med Ehlers bem\u00f6ter nu&hellip;\n","protected":false},"author":2,"featured_media":50236,"comment_status":"","ping_status":"","sticky":false,"template":"","format":"standard","meta":{"footnotes":""},"categories":[68],"tags":[34,133,134,111,110,31,33,32,30],"class_list":{"0":"post-50235","1":"post","2":"type-post","3":"status-publish","4":"format-standard","5":"has-post-thumbnail","7":"category-sport","8":"tag-se","9":"tag-second-news","10":"tag-shl","11":"tag-sport","12":"tag-sports","13":"tag-svenska","14":"tag-sverige","15":"tag-sweden","16":"tag-swedish"},"share_on_mastodon":{"url":"","error":""},"_links":{"self":[{"href":"https:\/\/www.europesays.com\/se\/wp-json\/wp\/v2\/posts\/50235","targetHints":{"allow":["GET"]}}],"collection":[{"href":"https:\/\/www.europesays.com\/se\/wp-json\/wp\/v2\/posts"}],"about":[{"href":"https:\/\/www.europesays.com\/se\/wp-json\/wp\/v2\/types\/post"}],"author":[{"embeddable":true,"href":"https:\/\/www.europesays.com\/se\/wp-json\/wp\/v2\/users\/2"}],"replies":[{"embeddable":true,"href":"https:\/\/www.europesays.com\/se\/wp-json\/wp\/v2\/comments?post=50235"}],"version-history":[{"count":0,"href":"https:\/\/www.europesays.com\/se\/wp-json\/wp\/v2\/posts\/50235\/revisions"}],"wp:featuredmedia":[{"embeddable":true,"href":"https:\/\/www.europesays.com\/se\/wp-json\/wp\/v2\/media\/50236"}],"wp:attachment":[{"href":"https:\/\/www.europesays.com\/se\/wp-json\/wp\/v2\/media?parent=50235"}],"wp:term":[{"taxonomy":"category","embeddable":true,"href":"https:\/\/www.europesays.com\/se\/wp-json\/wp\/v2\/categories?post=50235"},{"taxonomy":"post_tag","embeddable":true,"href":"https:\/\/www.europesays.com\/se\/wp-json\/wp\/v2\/tags?post=50235"}],"curies":[{"name":"wp","href":"https:\/\/api.w.org\/{rel}","templated":true}]}}