{"id":50245,"date":"2025-10-08T09:04:12","date_gmt":"2025-10-08T09:04:12","guid":{"rendered":"https:\/\/www.europesays.com\/se\/50245\/"},"modified":"2025-10-08T09:04:12","modified_gmt":"2025-10-08T09:04:12","slug":"nu-kommer-googles-ai-lage-aven-till-svenska-sokmotorn","status":"publish","type":"post","link":"https:\/\/www.europesays.com\/se\/50245\/","title":{"rendered":"Nu kommer Googles AI-l\u00e4ge \u00e4ven till svenska s\u00f6kmotorn"},"content":{"rendered":"<p>Publicerad 8 okt 2025 kl 09.55<\/p>\n<p>Google rullar i dag ut sitt AI-l\u00e4ge f\u00f6r s\u00f6kningar p\u00e5 36 nya spr\u00e5k.\u00a0<\/p>\n<p>Sverige \u00e4r ett av de l\u00e4nder som nu f\u00e5r tillg\u00e5ng till den mycket kraftfulla s\u00f6kfunktionen.<\/p>\n<p><img   alt=\"\"\/><\/p>\n<p>AI-s\u00f6kningen \u00f6ppnar f\u00f6r mer komplexa fr\u00e5gor och f\u00f6ljdfr\u00e5gor<\/p>\n<p>Foto: Google<\/p>\n<p>\u00d6ppna bild i helsk\u00e4rm<\/p>\n<p>Det nya AI-l\u00e4ge som nu rullas ut \u00e4ven f\u00f6r svenska Googleanv\u00e4ndare \u00e4r baserat p\u00e5 en anpassad version av <a href=\"https:\/\/www.expressen.se\/tagg\/organization\/google\/\" class=\"\" rel=\"nofollow noopener\" target=\"_blank\">Googles<\/a> avancerade Geminimodeller. Resultatet \u00e4r en s\u00f6ktj\u00e4nst som \u00e4r kapabel till mer avancerade resonemang. Det betyder i sin tur att s\u00f6ktj\u00e4nsten blir b\u00e4ttre p\u00e5 att f\u00f6rst\u00e5 mer komplexa fr\u00e5gor i flera delar. Dessutom blir det m\u00f6jligt att st\u00e4lla f\u00f6ljdfr\u00e5gor.\u00a0<\/p>\n<p>Google bjuder i ett blogginl\u00e4gg om saken p\u00e5 ett exempel d\u00e4r anv\u00e4ndaren st\u00e4ller fr\u00e5gan \u201dHur skiljer sig fermenteringsprocessen \u00e5t mellan surdegsbr\u00f6d, kimchi och kombucha?\u201d och d\u00e4refter f\u00f6ljer upp med fr\u00e5gan \u201dVad finns det f\u00f6r andra fermenterade livsmedel som jag kanske inte k\u00e4nner till, och hur skiljer de sig \u00e5t?\u201d<\/p>\n<p><img loading=\"lazy\"   alt=\"\"\/><\/p>\n<p>AI-s\u00f6kningen b\u00f6rjar rullas ut i Sverige i dag<\/p>\n<p>Foto: Google<\/p>\n<p>\u00d6ppna bild i helsk\u00e4rmG\u00e5r att st\u00e4lla fr\u00e5gor med r\u00f6sten<\/p>\n<p>AI-l\u00e4get bygger p\u00e5 en teknik som delar upp fr\u00e5gorna i under\u00e4mnen och skickar ut en m\u00e4ngd s\u00f6kfr\u00e5gor simultant. AI-l\u00e4get \u00e4r \u00e4ven multimodalt, vilket betyder att det g\u00e5r att st\u00e4lla fr\u00e5gor b\u00e5de med text och med r\u00f6sten. Det g\u00e5r \u00e4ven att anv\u00e4nda kameran i en mobiltelefon, alternativt ladda upp bilder till AI-s\u00f6ktj\u00e4nsten och st\u00e4lla fr\u00e5gor om dem.\u00a0<\/p>\n<p>Det b\u00f6r p\u00e5pekas att AI-svaren inte alltid \u00e4r helt p\u00e5litliga, och det g\u00e4ller att granska informationen noggrant, precis som n\u00e4r det handlar om uppgifter fr\u00e5n AI-chattbotar.\u00a0<\/p>\n<p>Utrullningen p\u00e5 den svenska marknaden inleds i dag, och s\u00e5 fort AI-s\u00f6kningen blir tillg\u00e4nglig dyker funktionen upp som en flik p\u00e5 s\u00f6kresultatsidan. Det kan dock dr\u00f6ja n\u00e5got innan alla f\u00e5tt tillg\u00e5ng till funktionen.\u00a0<\/p>\n","protected":false},"excerpt":{"rendered":"Publicerad 8 okt 2025 kl 09.55 Google rullar i dag ut sitt AI-l\u00e4ge f\u00f6r s\u00f6kningar p\u00e5 36 nya&hellip;\n","protected":false},"author":2,"featured_media":50246,"comment_status":"","ping_status":"","sticky":false,"template":"","format":"standard","meta":{"footnotes":""},"categories":[5],"tags":[22,23,26,27,17,21,24,25,28,29,15,16,62,18,34,61,31,33,32,30,19,64,20],"class_list":{"0":"post-50245","1":"post","2":"type-post","3":"status-publish","4":"format-standard","5":"has-post-thumbnail","7":"category-rubriker","8":"tag-breaking-news","9":"tag-breakingnews","10":"tag-featured-news","11":"tag-featurednews","12":"tag-headlines","13":"tag-huvudnyheter","14":"tag-latest-news","15":"tag-latestnews","16":"tag-main-news","17":"tag-mainnews","18":"tag-news","19":"tag-nyheter","20":"tag-organization-google","21":"tag-rubriker","22":"tag-se","23":"tag-sections-tech","24":"tag-svenska","25":"tag-sverige","26":"tag-sweden","27":"tag-swedish","28":"tag-top-stories","29":"tag-topic-artificiell-intelligens","30":"tag-topstories"},"share_on_mastodon":{"url":"","error":""},"_links":{"self":[{"href":"https:\/\/www.europesays.com\/se\/wp-json\/wp\/v2\/posts\/50245","targetHints":{"allow":["GET"]}}],"collection":[{"href":"https:\/\/www.europesays.com\/se\/wp-json\/wp\/v2\/posts"}],"about":[{"href":"https:\/\/www.europesays.com\/se\/wp-json\/wp\/v2\/types\/post"}],"author":[{"embeddable":true,"href":"https:\/\/www.europesays.com\/se\/wp-json\/wp\/v2\/users\/2"}],"replies":[{"embeddable":true,"href":"https:\/\/www.europesays.com\/se\/wp-json\/wp\/v2\/comments?post=50245"}],"version-history":[{"count":0,"href":"https:\/\/www.europesays.com\/se\/wp-json\/wp\/v2\/posts\/50245\/revisions"}],"wp:featuredmedia":[{"embeddable":true,"href":"https:\/\/www.europesays.com\/se\/wp-json\/wp\/v2\/media\/50246"}],"wp:attachment":[{"href":"https:\/\/www.europesays.com\/se\/wp-json\/wp\/v2\/media?parent=50245"}],"wp:term":[{"taxonomy":"category","embeddable":true,"href":"https:\/\/www.europesays.com\/se\/wp-json\/wp\/v2\/categories?post=50245"},{"taxonomy":"post_tag","embeddable":true,"href":"https:\/\/www.europesays.com\/se\/wp-json\/wp\/v2\/tags?post=50245"}],"curies":[{"name":"wp","href":"https:\/\/api.w.org\/{rel}","templated":true}]}}