{"id":50268,"date":"2025-10-08T09:31:11","date_gmt":"2025-10-08T09:31:11","guid":{"rendered":"https:\/\/www.europesays.com\/se\/50268\/"},"modified":"2025-10-08T09:31:11","modified_gmt":"2025-10-08T09:31:11","slug":"alexander-parleros-och-alexandra-pascalidou-i-forradarna-hosten-2025","status":"publish","type":"post","link":"https:\/\/www.europesays.com\/se\/50268\/","title":{"rendered":"Alexander P\u00e4rleros och Alexandra Pascalidou i F\u00f6rr\u00e4darna h\u00f6sten 2025"},"content":{"rendered":"<p>Publicerad 8 okt 2025 kl 11.18<\/p>\n<p>En ny s\u00e4song av TV4-programmet \u201dF\u00f6rr\u00e4darna\u201d har snart premi\u00e4r.<\/p>\n<p>N\u00e4r nya deltagare skulle presenteras i \u201dNyhetsmorgon\u201d p\u00e5 onsdagen gjorde TV4 en miss \u2013\u00a0och avsl\u00f6jade dem i f\u00f6rtid, enligt <a href=\"https:\/\/www.aftonbladet.se\/nojesbladet\/a\/8qr5a2\/alexander-parleros-och-alexandra-pascalidou-i-forradarna-i-tv4\" rel=\"nofollow noopener\" target=\"_blank\">Aftonbladet. <\/a>\u00a0<\/p>\n<p><img   alt=\"\"\/> <\/p>\n<p>Foto: Cornelia J\u00f6nsson \/ DI TT NYHETSBYR\u00c5N<\/p>\n<p>\u00d6ppna bild i helsk\u00e4rm<img loading=\"lazy\"   alt=\"\"\/> <\/p>\n<p>Foto: Framg\u00e5ngspodden\/Pressbild<\/p>\n<p>\u00d6ppna bild i helsk\u00e4rm<img loading=\"lazy\"   alt=\"\"\/><\/p>\n<p>H\u00e4r med k\u00e4rleken och entrepren\u00f6ren Ida Warg.<\/p>\n<p>Foto: KARIN T\u00d6RNBLOM \/ IBL<\/p>\n<p>\u00d6ppna bild i helsk\u00e4rm<img loading=\"lazy\"   alt=\"\"\/><\/p>\n<p>Alexander P\u00e4rleros.<\/p>\n<p>Foto: TV4<\/p>\n<p>\u00d6ppna bild i helsk\u00e4rm<img loading=\"lazy\"   alt=\"\"\/><\/p>\n<p>Alexandra Pascalidou.<\/p>\n<p>Foto: TV4<\/p>\n<p>\u00d6ppna bild i helsk\u00e4rm<\/p>\n<p>Succ\u00e9programmet \u201dF\u00f6rr\u00e4darna\u201d \u00e4r tillbaka p\u00e5 TV4 i h\u00f6st.<\/p>\n<p>Programmet g\u00e5r ut p\u00e5 att ett antal f\u00f6rr\u00e4dare finns bland ett g\u00e4ng deltagare vars uppgift \u00e4r att \u201dm\u00f6rda\u201d n\u00e5gon i varje avsnitt, som d\u00e5 m\u00e5ste l\u00e4mna. Nytt f\u00f6r h\u00f6stens s\u00e4song \u00e4r att flera av deltagarna inte \u00e4r k\u00e4nda personer.\u00a0<\/p>\n<p>Expressen har tidigare avsl\u00f6jat flera deltagare, bland andra Isabella L\u00f6wengrip och Cleo Kinnaman.<\/p>\n<p>P\u00e5 onsdagsmorgonen ber\u00e4ttade programledarna i \u201dNyhetsmorgon\u201d att de skulle presentera fler deltagare i \u201dF\u00f6rr\u00e4darna\u201d efter pausen.\u00a0<\/p>\n<p>Men redan i pausen kablades en reklamfilm ut f\u00f6r programmet \u2013\u00a0d\u00e4r man kan se att <a href=\"https:\/\/www.expressen.se\/tagg\/person\/alexander-parleros\/\" class=\"\" rel=\"nofollow noopener\" target=\"_blank\">Alexander P\u00e4rleros<\/a> och medieprofilen Alexandra Pascalidou \u00e4r med i \u201dF\u00f6rr\u00e4darna\u201d.\u00a0<\/p>\n<p>Deltagarna i \u201dF\u00f6rr\u00e4darna\u201d<\/p>\n<p>H\u00e4r \u00e4r de som \u00e4r klara hittills:<\/p>\n<p>Cleo Kinnaman<\/p>\n<p>Malou von Sivers<\/p>\n<p>Samuel \u201dSampeV2\u201d Stroneggers<\/p>\n<p>Malick Afocozi<\/p>\n<p>Isabella L\u00f6wengrip<\/p>\n<p>Ahmed Berhan<\/p>\n<p>Tom Sj\u00f6stedt<\/p>\n<p>Alexander P\u00e4rleros<\/p>\n<p>Alexandra Pascalidou<\/p>\n<p>Flera personer som inte \u00e4r k\u00e4nda deltar ocks\u00e5 i \u00e5rets s\u00e4song.<\/p>\n<p>Visa mer<\/p>\n<p>\u201dF\u00f6rr\u00e4darna\u201d, med Dragomir Mrsic som programledaren, har premi\u00e4r 28 oktober p\u00e5 TV4 och TV4 Play.<\/p>\n","protected":false},"excerpt":{"rendered":"Publicerad 8 okt 2025 kl 11.18 En ny s\u00e4song av TV4-programmet \u201dF\u00f6rr\u00e4darna\u201d har snart premi\u00e4r. N\u00e4r nya deltagare&hellip;\n","protected":false},"author":2,"featured_media":50269,"comment_status":"","ping_status":"","sticky":false,"template":"","format":"standard","meta":{"footnotes":""},"categories":[67],"tags":[104,4034,384,4991,34,645,31,33,32,30,211,105],"class_list":{"0":"post-50268","1":"post","2":"type-post","3":"status-publish","4":"format-standard","5":"has-post-thumbnail","7":"category-underhallning","8":"tag-entertainment","9":"tag-organization-forradarna","10":"tag-organization-tv4","11":"tag-person-alexander-parleros","12":"tag-se","13":"tag-sections-tv","14":"tag-svenska","15":"tag-sverige","16":"tag-sweden","17":"tag-swedish","18":"tag-topic-streaming","19":"tag-underhallning"},"share_on_mastodon":{"url":"","error":""},"_links":{"self":[{"href":"https:\/\/www.europesays.com\/se\/wp-json\/wp\/v2\/posts\/50268","targetHints":{"allow":["GET"]}}],"collection":[{"href":"https:\/\/www.europesays.com\/se\/wp-json\/wp\/v2\/posts"}],"about":[{"href":"https:\/\/www.europesays.com\/se\/wp-json\/wp\/v2\/types\/post"}],"author":[{"embeddable":true,"href":"https:\/\/www.europesays.com\/se\/wp-json\/wp\/v2\/users\/2"}],"replies":[{"embeddable":true,"href":"https:\/\/www.europesays.com\/se\/wp-json\/wp\/v2\/comments?post=50268"}],"version-history":[{"count":0,"href":"https:\/\/www.europesays.com\/se\/wp-json\/wp\/v2\/posts\/50268\/revisions"}],"wp:featuredmedia":[{"embeddable":true,"href":"https:\/\/www.europesays.com\/se\/wp-json\/wp\/v2\/media\/50269"}],"wp:attachment":[{"href":"https:\/\/www.europesays.com\/se\/wp-json\/wp\/v2\/media?parent=50268"}],"wp:term":[{"taxonomy":"category","embeddable":true,"href":"https:\/\/www.europesays.com\/se\/wp-json\/wp\/v2\/categories?post=50268"},{"taxonomy":"post_tag","embeddable":true,"href":"https:\/\/www.europesays.com\/se\/wp-json\/wp\/v2\/tags?post=50268"}],"curies":[{"name":"wp","href":"https:\/\/api.w.org\/{rel}","templated":true}]}}