{"id":50278,"date":"2025-10-08T09:40:08","date_gmt":"2025-10-08T09:40:08","guid":{"rendered":"https:\/\/www.europesays.com\/se\/50278\/"},"modified":"2025-10-08T09:40:08","modified_gmt":"2025-10-08T09:40:08","slug":"gift-vid-forsta-ogonkastet-dennis-kan-tvingas-operera-bort-ogat","status":"publish","type":"post","link":"https:\/\/www.europesays.com\/se\/50278\/","title":{"rendered":"Gift vid f\u00f6rsta \u00f6gonkastet-Dennis kan tvingas operera bort \u00f6gat"},"content":{"rendered":"<p>Publicerad 8 okt 2025 kl 10.35Uppdaterad kl 11.36<\/p>\n<p>\u201dGift vid f\u00f6rsta \u00f6gonkastet\u201d-profilen Dennis Svensson har drabbats av en infektion i \u00f6gat efter att han anv\u00e4nt linser.\u00a0<\/p>\n<p>Nu har han varit hos l\u00e4karen och f\u00e5tt beskedet att han kan tvingas ta bort hela \u00f6gat.\u00a0<\/p>\n<p>\u2013 Jag blev v\u00e4ldigt r\u00e4dd och st\u00e4lld, s\u00e4ger han.\u00a0<\/p>\n<p><img   alt=\"\"\/><\/p>\n<p>Dennis Svensson ber\u00e4ttar om l\u00e4karens besked.<\/p>\n<p>Foto: Instagram<\/p>\n<p>\u00d6ppna bild i helsk\u00e4rm<img loading=\"lazy\"   alt=\"\"\/><\/p>\n<p>Dennis Svensson skrev tidigare i veckan att han hade sv\u00e5rt att se.<\/p>\n<p>Foto: Instagram<\/p>\n<p>\u00d6ppna bild i helsk\u00e4rm<img loading=\"lazy\"   alt=\"\"\/><\/p>\n<p>Paret fann varandra i \u201dGift vid f\u00f6rsta \u00f6gonkastet\u201d.<\/p>\n<p>Foto: CHRISTIAN \u00d6RNBERG<\/p>\n<p>\u00d6ppna bild i helsk\u00e4rm<\/p>\n<p>Dennis Svensson, 34, som i \u00e5r var med i \u201d<a href=\"https:\/\/www.expressen.se\/tagg\/organization\/gift-vid-forsta-ogonkastet\/\" class=\"\" rel=\"nofollow noopener\" target=\"_blank\">Gift vid f\u00f6rsta \u00f6gonkastet<\/a>\u201d, vaknade i torsdags och k\u00e4nde sig irriterad i \u00f6gat.\u00a0<\/p>\n<p>\u2013 Jag hade kontaktlinser och k\u00e4nde att mina \u00f6gon var ganska irriterade men sen t\u00e4nkte jag inte mer p\u00e5 det, f\u00f6r ibland \u00e4r det s\u00e5 att produktionen i \u00f6gonen rensar bort det sj\u00e4lv men nej, s\u00e4ger Dennis Svensson till Expressen.<\/p>\n<p>Han bytte till glas\u00f6gon men sm\u00e4rtan gick inte \u00f6ver.\u00a0<\/p>\n<p>\u2013\u00a0Varje g\u00e5ng jag blinkade k\u00e4ndes det som att \u00f6gonfransarna bet in\u00e5t, det gjorde riktigt ont.\u00a0<\/p>\n<p>S\u00e5 Dennis Svensson \u00e5kte in till akuten.\u00a0<\/p>\n<p>\u2013\u00a0Det f\u00f6rsta l\u00e4karen sa n\u00e4r de tittade p\u00e5 mitt \u00f6ga var: \u201dOj!\u201d Det \u00e4r aldrig bra n\u00e4r en l\u00e4kare s\u00e4ger oj. Det klart man blir r\u00e4dd, det k\u00e4ndes allvarligt, att man kanske har n\u00e5got som \u00e4r sv\u00e5rt att hantera och behandla.\u00a0<\/p>\n<p>P\u00e5 torsdagen kunde han fortfarande se och inledde en behandling.\u00a0<\/p>\n<p>P\u00e5 fredagen var han tillbaka hos l\u00e4karen.\u00a0<\/p>\n<p>\u2013 D\u00e5 var synen helt borta. Jag ser r\u00f6relser men det \u00e4r suddigt. D\u00e5 tittade en l\u00e4kare f\u00f6rst och fr\u00e5gade om jag jobbade p\u00e5 en bondg\u00e5rd, de var lite inne p\u00e5 att det kunde vara svamp.\u00a0<\/p>\n<p>Tv\u00e5 till l\u00e4kare tittade sen p\u00e5 Dennis Svenssons \u00f6ga.\u00a0<\/p>\n<p>\u2013 Om tre l\u00e4kare tittar p\u00e5 det inom loppet p\u00e5 en timme s\u00e5 \u00e4r de v\u00e4ldigt allvarligt. D\u00e5 fick jag det mest intensiva man kan f\u00e5 i antibiotikav\u00e4g.\u00a0<\/p>\n<p>SVT-profilen behandlas \u00e4ven med svampd\u00f6dande.\u00a0<\/p>\n<p>\u2013 Det har inte gjort n\u00e5gon skillnad egentligen. Jag har fortfarande inte f\u00e5tt tillbaka min syn. Jag har en vit hinna, det ser inte s\u00e5 trevligt ut. \u00a0<\/p>\n<p>\u201dJag \u00e4r fortfarande ganska st\u00e4lld\u201d<\/p>\n<p>P\u00e5 tisdagen var SVT-profilen tillbaka hos l\u00e4karen och fick ett omskakande besked.\u00a0<\/p>\n<p>\u2013 De var lite positiva i g\u00e5r men det var en ganska bufflig \u00f6verl\u00e4kare d\u00e4r i g\u00e5r som sa att: \u201dJag kan inte garantera n\u00e5gonting men det ser verkligen ut som att vi inte kan r\u00e4dda det h\u00e4r \u00f6gat f\u00f6r att det \u00e4r en s\u00e5n extrem infektion och det \u00e4r s\u00e5 mycket \u00e4rrv\u00e4vnad i \u00f6gat som det kanske inte g\u00e5r att g\u00f6ra n\u00e5gonting \u00e5t\u201d.\u00a0<\/p>\n<p>\u2013 S\u00e5 man blev v\u00e4ldigt st\u00e4lld d\u00e4r.\u00a0<\/p>\n<p>En annan l\u00e4kare var mer positiv och lyfte fram att det kan finnas ett alternativ: Att g\u00f6ra en hornhinnetransplantation.\u00a0<\/p>\n<p>\u2013\u00a0Men jag blev v\u00e4ldigt r\u00e4dd och st\u00e4lld.\u00a0<\/p>\n<p>Annons<\/p>\n<p>Nu testar Dennis Svensson bland annat en ny antibiotika.\u00a0<\/p>\n<p>\u2013\u00a0Men de vet inte vad det \u00e4r f\u00f6r n\u00e5got och det g\u00f6r mig \u00e4nnu mer orolig.\u00a0<\/p>\n<p>L\u00e4karna har dock sagt att de tror att han drabbats av en svampinfektion orsakad av att han anv\u00e4nder linser, ber\u00e4ttar Dennis Svensson.\u00a0<\/p>\n<p>SVT-profilen har haft linser i m\u00e5nga \u00e5r och \u00e4r alltid f\u00f6rsiktig. Han sover inte heller med dem.\u00a0<\/p>\n<p>\u2013 Det \u00e4r mycket m\u00e4rkligt och k\u00e4nns galet.\u00a0<\/p>\n<p>Dennis Svenssons uppmaning<\/p>\n<p>Dennis Svensson s\u00e4ger att han i efterhand fick veta att v\u00e5rdpersonalen aldrig gjorde en odling p\u00e5 svamp f\u00f6rsta g\u00e5ngen han kom in. Det f\u00f6rsv\u00e5rar nu att veta vad han drabbats av, enligt honom.\u00a0<\/p>\n<p>\u2013 Det gjorde de inte utan jag fick ett recept p\u00e5 droppar utskrivet direkt. Det \u00e4r antibiotika, s\u00e5 om det \u00e4r svamp s\u00e5 f\u00f6rsvinner ju det tempor\u00e4rt. Om man d\u00e5 tar en odling s\u00e5 kan man inte heller se om det \u00e4r svamp. De \u00e4r ju som att de gjort en tabbe sj\u00e4lva v\u00e5rden, de skulle ha tagit en odling direkt innan man inlett behandling.\u00a0<\/p>\n<p>Nu uppmanar han andra linsb\u00e4rare att vara f\u00f6rsiktiga.\u00a0<\/p>\n<p>\u2013\u00a0Var f\u00f6rsiktig med linserna och byt linsv\u00e4tska ofta. Det \u00e4r tips och r\u00e5d. Och om det blir irritation i \u00f6gat s\u00e5 byt snabbt till glas\u00f6gon s\u00e5 att \u00f6gonen f\u00e5r vila. Jag \u00e4r ingen optiker men det \u00e4r de tipsen jag f\u00e5tt.<\/p>\n<p>I veckan ska han tillbaka till l\u00e4karen igen.<\/p>\n<p>\u2013 Jag vet inte vad det blir f\u00f6r n\u00e4sta steg. Vi f\u00e5r se helt enkelt.\u00a0<\/p>\n<p>\u2013 Bara att f\u00e5 tillbaka n\u00e5gon procents syn hade varit magiskt.\u00a0<\/p>\n","protected":false},"excerpt":{"rendered":"Publicerad 8 okt 2025 kl 10.35Uppdaterad kl 11.36 \u201dGift vid f\u00f6rsta \u00f6gonkastet\u201d-profilen Dennis Svensson har drabbats av en&hellip;\n","protected":false},"author":2,"featured_media":50279,"comment_status":"","ping_status":"","sticky":false,"template":"","format":"standard","meta":{"footnotes":""},"categories":[67],"tags":[104,3059,361,34,31,33,32,30,105],"class_list":{"0":"post-50278","1":"post","2":"type-post","3":"status-publish","4":"format-standard","5":"has-post-thumbnail","7":"category-underhallning","8":"tag-entertainment","9":"tag-organization-gift-vid-forsta-ogonkastet","10":"tag-organization-svt","11":"tag-se","12":"tag-svenska","13":"tag-sverige","14":"tag-sweden","15":"tag-swedish","16":"tag-underhallning"},"share_on_mastodon":{"url":"","error":""},"_links":{"self":[{"href":"https:\/\/www.europesays.com\/se\/wp-json\/wp\/v2\/posts\/50278","targetHints":{"allow":["GET"]}}],"collection":[{"href":"https:\/\/www.europesays.com\/se\/wp-json\/wp\/v2\/posts"}],"about":[{"href":"https:\/\/www.europesays.com\/se\/wp-json\/wp\/v2\/types\/post"}],"author":[{"embeddable":true,"href":"https:\/\/www.europesays.com\/se\/wp-json\/wp\/v2\/users\/2"}],"replies":[{"embeddable":true,"href":"https:\/\/www.europesays.com\/se\/wp-json\/wp\/v2\/comments?post=50278"}],"version-history":[{"count":0,"href":"https:\/\/www.europesays.com\/se\/wp-json\/wp\/v2\/posts\/50278\/revisions"}],"wp:featuredmedia":[{"embeddable":true,"href":"https:\/\/www.europesays.com\/se\/wp-json\/wp\/v2\/media\/50279"}],"wp:attachment":[{"href":"https:\/\/www.europesays.com\/se\/wp-json\/wp\/v2\/media?parent=50278"}],"wp:term":[{"taxonomy":"category","embeddable":true,"href":"https:\/\/www.europesays.com\/se\/wp-json\/wp\/v2\/categories?post=50278"},{"taxonomy":"post_tag","embeddable":true,"href":"https:\/\/www.europesays.com\/se\/wp-json\/wp\/v2\/tags?post=50278"}],"curies":[{"name":"wp","href":"https:\/\/api.w.org\/{rel}","templated":true}]}}