{"id":50283,"date":"2025-10-08T09:45:09","date_gmt":"2025-10-08T09:45:09","guid":{"rendered":"https:\/\/www.europesays.com\/se\/50283\/"},"modified":"2025-10-08T09:45:09","modified_gmt":"2025-10-08T09:45:09","slug":"ostersund-sparkar-kiarash-livani-superettan","status":"publish","type":"post","link":"https:\/\/www.europesays.com\/se\/50283\/","title":{"rendered":"\u00d6stersund sparkar Kiarash Livani | Superettan"},"content":{"rendered":"<p>Publicerad 8 okt 2025 kl 09.53Uppdaterad kl 11.12<\/p>\n<p>\u00d6stersunds FK sparkar huvudtr\u00e4naren Kiarash Livani.<\/p>\n<p>Expressen kunde avsl\u00f6ja beskedet p\u00e5 onsdagsmorgonen.\u00a0<\/p>\n<p>\u2013 Vi har under en tid kunnat konstatera bristande sportsliga prestationer och resultat, s\u00e4ger \u00d6FK:s ordf\u00f6rande Daniel Molander.<\/p>\n<p><img   alt=\"\"\/><\/p>\n<p>Kiarash Livani l\u00e4mnar \u00d6stersunds FK.<\/p>\n<p>Foto: JOHAN AXELSSON \/ BILDBYR\u00c5N<\/p>\n<p>\u00d6ppna bild i helsk\u00e4rm<\/p>\n<p>\u00d6stersunds FK f\u00f6ll med hela 1-6 mot V\u00e4ster\u00e5s SK i helgen.<\/p>\n<p>Kort efter storf\u00f6rlusten rapporterade \u00d6P att ledande personer i klubbledningen och styrelsen haft ett internt krism\u00f6te d\u00e4r man diskuterat v\u00e4gen fram\u00e5t.<\/p>\n<p>Aftonbladet rapporterade \u00e4ven kort d\u00e4rp\u00e5 att \u00d6FK \u00f6verv\u00e4gt att skiljas fr\u00e5n sin tr\u00e4nare och att hans framtid varit uppe f\u00f6r diskussion.<\/p>\n<p>Sparkar tr\u00e4naren<\/p>\n<p>Sedan dess har det varit tyst fr\u00e5n klubbh\u00e5ll \u2013 och det har varit locket p\u00e5 kring uppgifterna.<\/p>\n<p>\u2013 Jag har pratat med styrelsen och alla s\u00e4ger egentligen samma sak \u2013 vi har ingenting att s\u00e4ga just nu. N\u00e4r de har det kan de j\u00e4tteg\u00e4rna s\u00e4ga n\u00e5gonting. De k\u00e4nner inte att det \u00e4r relevant att prata om situationen just nu, s\u00e4ger klubbens kommunikationsansvarige David Hult\u00e9n till \u00d6P.<\/p>\n<p>P\u00e5 onsdagsmorgonen kunde Expressen avsl\u00f6ja att ett beslut var taget och Kiarash Livani sj\u00e4lv mottagit beskedet att han f\u00e5r l\u00e4mna. Drygt en timme senare blev det officiellt.<\/p>\n<p>\u2013 Vi har under en tid kunnat konstatera bristande sportsliga prestationer och resultat. D\u00e4r vi befinner oss i tabellen bed\u00f6mer vi att det \u00e4r n\u00f6dv\u00e4ndigt med en f\u00f6r\u00e4ndring i ledningen f\u00f6r att f\u00e5 in ny energi i laget inf\u00f6r de mycket viktiga avslutande omg\u00e5ngarna i superettan. Vi \u00f6nskar Kiarash all lycka i sin framtida karri\u00e4r, s\u00e4ger Daniel Molander, ordf\u00f6rande i \u00d6stersunds FK.<\/p>\n<p>Jakten p\u00e5 en eftertr\u00e4dare \u00e4r som sagt redan i g\u00e5ng, d\u00e4r man haft ett antal namn uppe f\u00f6r diskussion. F\u00f6rhoppningen \u00e4r att komma i m\u00e5l med en eftertr\u00e4dare under landslagsuppeh\u00e5llet.<\/p>\n<p>\u00d6stersund ligger p\u00e5 tolfte plats i tabellen med fyra omg\u00e5ngar kvar att spela. Laget har just nu tv\u00e5 po\u00e4ng ner till Utsikten p\u00e5 kvalplats.<\/p>\n","protected":false},"excerpt":{"rendered":"Publicerad 8 okt 2025 kl 09.53Uppdaterad kl 11.12 \u00d6stersunds FK sparkar huvudtr\u00e4naren Kiarash Livani. Expressen kunde avsl\u00f6ja beskedet&hellip;\n","protected":false},"author":2,"featured_media":50284,"comment_status":"","ping_status":"","sticky":false,"template":"","format":"standard","meta":{"footnotes":""},"categories":[5],"tags":[22,23,26,27,17,21,24,25,28,29,15,16,4992,18,34,129,215,31,33,32,30,19,20],"class_list":{"0":"post-50283","1":"post","2":"type-post","3":"status-publish","4":"format-standard","5":"has-post-thumbnail","7":"category-rubriker","8":"tag-breaking-news","9":"tag-breakingnews","10":"tag-featured-news","11":"tag-featurednews","12":"tag-headlines","13":"tag-huvudnyheter","14":"tag-latest-news","15":"tag-latestnews","16":"tag-main-news","17":"tag-mainnews","18":"tag-news","19":"tag-nyheter","20":"tag-organization-ostersunds-fk","21":"tag-rubriker","22":"tag-se","23":"tag-sections-fotboll","24":"tag-sections-superettan","25":"tag-svenska","26":"tag-sverige","27":"tag-sweden","28":"tag-swedish","29":"tag-top-stories","30":"tag-topstories"},"share_on_mastodon":{"url":"","error":""},"_links":{"self":[{"href":"https:\/\/www.europesays.com\/se\/wp-json\/wp\/v2\/posts\/50283","targetHints":{"allow":["GET"]}}],"collection":[{"href":"https:\/\/www.europesays.com\/se\/wp-json\/wp\/v2\/posts"}],"about":[{"href":"https:\/\/www.europesays.com\/se\/wp-json\/wp\/v2\/types\/post"}],"author":[{"embeddable":true,"href":"https:\/\/www.europesays.com\/se\/wp-json\/wp\/v2\/users\/2"}],"replies":[{"embeddable":true,"href":"https:\/\/www.europesays.com\/se\/wp-json\/wp\/v2\/comments?post=50283"}],"version-history":[{"count":0,"href":"https:\/\/www.europesays.com\/se\/wp-json\/wp\/v2\/posts\/50283\/revisions"}],"wp:featuredmedia":[{"embeddable":true,"href":"https:\/\/www.europesays.com\/se\/wp-json\/wp\/v2\/media\/50284"}],"wp:attachment":[{"href":"https:\/\/www.europesays.com\/se\/wp-json\/wp\/v2\/media?parent=50283"}],"wp:term":[{"taxonomy":"category","embeddable":true,"href":"https:\/\/www.europesays.com\/se\/wp-json\/wp\/v2\/categories?post=50283"},{"taxonomy":"post_tag","embeddable":true,"href":"https:\/\/www.europesays.com\/se\/wp-json\/wp\/v2\/tags?post=50283"}],"curies":[{"name":"wp","href":"https:\/\/api.w.org\/{rel}","templated":true}]}}