{"id":50302,"date":"2025-10-08T09:58:11","date_gmt":"2025-10-08T09:58:11","guid":{"rendered":"https:\/\/www.europesays.com\/se\/50302\/"},"modified":"2025-10-08T09:58:11","modified_gmt":"2025-10-08T09:58:11","slug":"glatt-humor-pa-borsen-sandvik-lyfter","status":"publish","type":"post","link":"https:\/\/www.europesays.com\/se\/50302\/","title":{"rendered":"Glatt hum\u00f6r p\u00e5 b\u00f6rsen \u2013 Sandvik lyfter"},"content":{"rendered":"<p>B\u00f6rshum\u00f6ret stiger Stockholmsb\u00f6rsen efter en avvaktande start. Vid 11.45 ser det ut s\u00e5 h\u00e4r: <\/p>\n<p>\u2022 OMXSPI: +0,3%<br \/>\u2022 OMXS30: +0,4%<\/p>\n<p>Den politiska turbulensen i Frankrike i veckan fortsatte att addera till en redan os\u00e4ker tillvaro efter nedst\u00e4ngningarna i USA, skriver SEB i ett morgonbrev. <\/p>\n<p>Vidare uppgick inflationstakten till 3,1 procent i september, enligt SCB:s prelimin\u00e4ra siffror. <\/p>\n<p>P\u00e5 bolagsfronten \u00e4r morgonens huvudnummer \u00e4r larmj\u00e4tten Verisures b\u00f6rsdebut. Aktien rusar n\u00e4ra 21 procent. <\/p>\n<p>ABB s\u00e4ljer Robotics-divisionen till it-j\u00e4tten Softbank f\u00f6r runt 50 miljarder kronor. Aktien steg inledningsvis upp till nytt intradagsh\u00f6gsta och \u00e4r nu upp 1,2 procent. <\/p>\n<p>Elektronik\u00e5terf\u00f6rs\u00e4ljaren Dustin \u00f6ppnade b\u00f6ckerna under morgonen och redovisar n\u00e5got b\u00e4ttre siffror \u00f6ver hela linjen. Aktien rusar n\u00e4ra 11,4 procent. <\/p>\n<p>Bioteknikbolaget Xspray uppger att ett marknadsgodk\u00e4nnande i USA av bolagets leukemi-behandling Dasynoc har f\u00f6rsenats. Aktien halveras.  <\/p>\n<p>P\u00e5 analysfronten h\u00f6jer DNB Carnegie mjukvarubolaget Vitec tv\u00e5 sn\u00e4pp till k\u00f6p. Samtidigt skruvar JP Morgan upp Sandvik till outperform fr\u00e5n neutral. Aktierna stiger n\u00e4ra 9 respektive 1,4 procent. <\/p>\n<p>New York-b\u00f6rserna i g\u00e5r<br \/>S&amp;P 500: \u20130,4%<br \/>Nasdaq: \u20130,7% <br \/>Dow Jones: \u2013 0,2%<\/p>\n<p>Omni \u00e4r politiskt obundna och oberoende. Vi str\u00e4var efter att ge fler perspektiv p\u00e5 nyheterna. Har du fr\u00e5gor eller synpunkter kring v\u00e5r rapportering? <a href=\"https:\/\/omni.se\/platt-oppning-vantas-pa-borsen\/a\/mailto:redaktion@omni.se\" class=\"ArticleActions_contactLink__W2F1M\" rel=\"nofollow noopener\" target=\"_blank\">Kontakta redaktionen<\/a><\/p>\n","protected":false},"excerpt":{"rendered":"B\u00f6rshum\u00f6ret stiger Stockholmsb\u00f6rsen efter en avvaktande start. Vid 11.45 ser det ut s\u00e5 h\u00e4r: \u2022 OMXSPI: +0,3%\u2022 OMXS30:&hellip;\n","protected":false},"author":2,"featured_media":50303,"comment_status":"","ping_status":"","sticky":false,"template":"","format":"standard","meta":{"footnotes":""},"categories":[65],"tags":[4993,72,70,71,34,467,31,33,32,30,4994],"class_list":{"0":"post-50302","1":"post","2":"type-post","3":"status-publish","4":"format-standard","5":"has-post-thumbnail","7":"category-ekonomi","8":"tag-abb","9":"tag-business","10":"tag-economy","11":"tag-ekonomi","12":"tag-se","13":"tag-stockholmsborsen","14":"tag-svenska","15":"tag-sverige","16":"tag-sweden","17":"tag-swedish","18":"tag-verisure"},"share_on_mastodon":{"url":"","error":""},"_links":{"self":[{"href":"https:\/\/www.europesays.com\/se\/wp-json\/wp\/v2\/posts\/50302","targetHints":{"allow":["GET"]}}],"collection":[{"href":"https:\/\/www.europesays.com\/se\/wp-json\/wp\/v2\/posts"}],"about":[{"href":"https:\/\/www.europesays.com\/se\/wp-json\/wp\/v2\/types\/post"}],"author":[{"embeddable":true,"href":"https:\/\/www.europesays.com\/se\/wp-json\/wp\/v2\/users\/2"}],"replies":[{"embeddable":true,"href":"https:\/\/www.europesays.com\/se\/wp-json\/wp\/v2\/comments?post=50302"}],"version-history":[{"count":0,"href":"https:\/\/www.europesays.com\/se\/wp-json\/wp\/v2\/posts\/50302\/revisions"}],"wp:featuredmedia":[{"embeddable":true,"href":"https:\/\/www.europesays.com\/se\/wp-json\/wp\/v2\/media\/50303"}],"wp:attachment":[{"href":"https:\/\/www.europesays.com\/se\/wp-json\/wp\/v2\/media?parent=50302"}],"wp:term":[{"taxonomy":"category","embeddable":true,"href":"https:\/\/www.europesays.com\/se\/wp-json\/wp\/v2\/categories?post=50302"},{"taxonomy":"post_tag","embeddable":true,"href":"https:\/\/www.europesays.com\/se\/wp-json\/wp\/v2\/tags?post=50302"}],"curies":[{"name":"wp","href":"https:\/\/api.w.org\/{rel}","templated":true}]}}