{"id":50339,"date":"2025-10-08T10:27:14","date_gmt":"2025-10-08T10:27:14","guid":{"rendered":"https:\/\/www.europesays.com\/se\/50339\/"},"modified":"2025-10-08T10:27:14","modified_gmt":"2025-10-08T10:27:14","slug":"landeskog-ar-tillbaka-efter-1307-dagar","status":"publish","type":"post","link":"https:\/\/www.europesays.com\/se\/50339\/","title":{"rendered":"Landeskog \u00e4r tillbaka &#8211; efter 1307 (!) dagar"},"content":{"rendered":"<p><strong><a href=\"https:\/\/hockeysverige.se\/spelare\/gabriel-landeskog\" rel=\"nofollow noopener\" target=\"_blank\">Gabriel Landeskog<\/a> \u00e4r tillbaka i <a href=\"https:\/\/hockeysverige.se\/nhl\/\" rel=\"nofollow noopener\" target=\"_blank\">NHL<\/a> p\u00e5 riktigt. Nattens 4\u20131-seger f\u00f6r hans <a href=\"https:\/\/hockeysverige.se\/klubb\/colorado-avalanche\/\" rel=\"nofollow noopener\" target=\"_blank\">Colorado Avalanche<\/a> var svenskens f\u00f6rsta grundseriematch i NHL sedan 10 mars 2022. <\/strong><\/p>\n<p><img loading=\"lazy\" decoding=\"async\" width=\"1024\" height=\"658\" src=\"https:\/\/www.europesays.com\/se\/wp-content\/uploads\/2025\/10\/Landeskog-premiar-1024x658.webp.webp\" alt=\"\" class=\"wp-image-311109\"  \/>Gabriel Landeskog i NHL-premi\u00e4ren (v\u00e4nster). <strong>Foto:<\/strong> Bildbyr\u00e5n (montage).<\/p>\n<p>\u201dWELCOME BACK, CAPTAIN\u201d<\/p>\n<p>Orden rullades ut p\u00e5 flera h\u00e5ll natten till onsdag d\u00e5 det var dags f\u00f6r Colorado Avalanche att sl\u00e4ppa pucken f\u00f6r NHL-premi\u00e4ren mot LA Kings. Spelaren som det hela syftade p\u00e5 var sj\u00e4lvklart v\u00e5r svenske stj\u00e4rna Gabriel Landeskog, och hyllningarna var enorma. <\/p>\n<p>\u00c4ven om den nu 32-\u00e5rige forwarden gjorde sin efterl\u00e4ngtade comeback under f\u00f6rra \u00e5rets slutspel s\u00e5 blev denna kv\u00e4ll mycket speciell. Den senaste grundseriematchen i NHL spelade n\u00e4mligen Landeskog 10 mars 2022. Samma s\u00e4song som senare slutade i en Stanley Cup, samt guldpucken f\u00f6r \u00e5rets svenska spelare. <\/p>\n<p>Detta ger allts\u00e5 ett gap p\u00e5 1307 (!) dagar. <\/p>\n<p>\u2013 Det \u00e4r en spelare som inte har spelat s\u00e5 mycket hockey de senaste \u00e5ren, men som kom tillbaka efter ett karakt\u00e4rsprov som jag tror att vi har sett f\u00e5 \u00e5stadkomma. Han har missat v\u00e4ldigt mycket hockey, vilket g\u00f6r att han nog inte var s\u00e4ker p\u00e5 om han skulle spela mer, men n\u00e4r han kom tillbaka gjorde han det. Han r\u00f6rde sig fantastiskt bra d\u00e4r ute. N\u00e4r vi har haft lite kontakt efter s\u00e4songen har k\u00e4nslan v\u00e4xt att Gabriel tr\u00e4nar f\u00f6r att bli b\u00e4ttre, inte bara f\u00f6r att h\u00e5lla. D\u00e5 ville jag verkligen skicka signalen till honom att han \u00e4r en nyckelspelare f\u00f6r oss, sade svenske f\u00f6rbundskaptenen Sam Hallam n\u00e4r han presenterade Landeskog som ett av Tre Kronors sex f\u00f6rsta namn till OS i Milano 2026.<\/p>\n<p>MacKinnon s\u00e4tter nytt po\u00e4ngrekord<\/p>\n<p>Matchen d\u00e5? Jo, Colorado och Landeskog fick \u00e4ven kliva av isen som segrare efter 4\u20131. <\/p>\n<p>Martin Necas (2), Sam Malinkski och Artturi Lehkonen blev premi\u00e4rm\u00e5lskyttarna och Landeskog tog plats i en andrakedja intill Brock Nelson och Valeri Nichushkin. Ingen po\u00e4ng trillade dock in. <\/p>\n<p>LA Kings kom inte med n\u00e5got svar i m\u00e5lprotokollet f\u00f6rr\u00e4n i 56:e minuten, d\u00e5 genom Kevin Fiala, assisterad av Adrian Kempe, i powerplay. <\/p>\n<p>Se matchens h\u00f6jdpunkter i videospelaren ovan.<\/p>\n<p>En av de stora snackisarna fr\u00e5n kv\u00e4llen blev annars<a href=\"https:\/\/hockeysverige.se\/spelare\/nathan-mackinnon\/\" rel=\"nofollow noopener\" target=\"_blank\"> Nathan MacKinnons<\/a> tv\u00e5 assist som tog honom till totalt 1017 po\u00e4ng i Colorado. En siffra som \u00e4ven s\u00e4tter ett nytt rekord f\u00f6r flest po\u00e4ng i NHL-klubbens historia sedan organisationen flyttades 1995\/96. Joe Sakic hade det tidigare rekordet p\u00e5 1015. <\/p>\n<blockquote class=\"twitter-tweet\">\n<p lang=\"sv\" dir=\"ltr\">Gabriel Landeskog \u00e4r tillbaka i NHL!\ud83c\udf1f<\/p>\n<p>Den svenske kaptenen spelade sin f\u00f6rsta grundseriematch sedan 10 mars 2022 n\u00e4r Colorado besegrade LA Kings i nattens premi\u00e4r \u2705\ud83c\uddf8\ud83c\uddea <a href=\"https:\/\/t.co\/IRfF8coXTy\" rel=\"nofollow\">pic.twitter.com\/IRfF8coXTy<\/a><\/p>\n<p>\u2014 Viaplay Hockey (@ViaplayHockeySE) <a href=\"https:\/\/twitter.com\/ViaplayHockeySE\/status\/1975805537637052860?ref_src=twsrc%5Etfw\" rel=\"nofollow noopener\" target=\"_blank\">October 8, 2025<\/a><\/p><\/blockquote>\n<p><script async src=\"https:\/\/platform.twitter.com\/widgets.js\" charset=\"utf-8\"><\/script><\/p>\n","protected":false},"excerpt":{"rendered":"Gabriel Landeskog \u00e4r tillbaka i NHL p\u00e5 riktigt. Nattens 4\u20131-seger f\u00f6r hans Colorado Avalanche var svenskens f\u00f6rsta grundseriematch&hellip;\n","protected":false},"author":2,"featured_media":50340,"comment_status":"","ping_status":"","sticky":false,"template":"","format":"standard","meta":{"footnotes":""},"categories":[68],"tags":[247,34,133,111,110,31,33,32,30],"class_list":{"0":"post-50339","1":"post","2":"type-post","3":"status-publish","4":"format-standard","5":"has-post-thumbnail","7":"category-sport","8":"tag-nhl","9":"tag-se","10":"tag-second-news","11":"tag-sport","12":"tag-sports","13":"tag-svenska","14":"tag-sverige","15":"tag-sweden","16":"tag-swedish"},"share_on_mastodon":{"url":"","error":""},"_links":{"self":[{"href":"https:\/\/www.europesays.com\/se\/wp-json\/wp\/v2\/posts\/50339","targetHints":{"allow":["GET"]}}],"collection":[{"href":"https:\/\/www.europesays.com\/se\/wp-json\/wp\/v2\/posts"}],"about":[{"href":"https:\/\/www.europesays.com\/se\/wp-json\/wp\/v2\/types\/post"}],"author":[{"embeddable":true,"href":"https:\/\/www.europesays.com\/se\/wp-json\/wp\/v2\/users\/2"}],"replies":[{"embeddable":true,"href":"https:\/\/www.europesays.com\/se\/wp-json\/wp\/v2\/comments?post=50339"}],"version-history":[{"count":0,"href":"https:\/\/www.europesays.com\/se\/wp-json\/wp\/v2\/posts\/50339\/revisions"}],"wp:featuredmedia":[{"embeddable":true,"href":"https:\/\/www.europesays.com\/se\/wp-json\/wp\/v2\/media\/50340"}],"wp:attachment":[{"href":"https:\/\/www.europesays.com\/se\/wp-json\/wp\/v2\/media?parent=50339"}],"wp:term":[{"taxonomy":"category","embeddable":true,"href":"https:\/\/www.europesays.com\/se\/wp-json\/wp\/v2\/categories?post=50339"},{"taxonomy":"post_tag","embeddable":true,"href":"https:\/\/www.europesays.com\/se\/wp-json\/wp\/v2\/tags?post=50339"}],"curies":[{"name":"wp","href":"https:\/\/api.w.org\/{rel}","templated":true}]}}