{"id":50343,"date":"2025-10-08T10:33:08","date_gmt":"2025-10-08T10:33:08","guid":{"rendered":"https:\/\/www.europesays.com\/se\/50343\/"},"modified":"2025-10-08T10:33:08","modified_gmt":"2025-10-08T10:33:08","slug":"kommer-svara-kraftfullt-om-ukraina-far-tomahawk","status":"publish","type":"post","link":"https:\/\/www.europesays.com\/se\/50343\/","title":{"rendered":"Kommer svara kraftfullt om Ukraina f\u00e5r Tomahawk"},"content":{"rendered":"<p>Om Ukraina b\u00f6rjar anv\u00e4nda amerikanska Tomahawk-robotar i Ukraina skulle det inneb\u00e4ra en \u201dkvalitativ\u201d f\u00f6r\u00e4ndring i den r\u00e5dande situationen mellan Ukraina och Ryssland. Det uppger Rysslands vice utrikesminister Sergej Rjabkov, rapporterar Reuters med h\u00e4nvisning till ryska nyhetsbyr\u00e5n Interfax. <\/p>\n<p>Andrei Kartapolov, ordf\u00f6rande f\u00f6r det ryska parlamentets f\u00f6rsvarsutskott, uppger att landet kommer svara kraftfullt om USA f\u00f6rser Ukraina med robotarna. <\/p>\n<p>\u2013 Vi k\u00e4nner till de h\u00e4r robotarna mycket v\u00e4l, hur de flyger, hur man skjuter ner dem, vi arbetade med dem i Syrien, s\u00e5 det \u00e4r inget nytt, sa han enligt Reuters som h\u00e4nvisar till nyhetsbyr\u00e5n RIA.<\/p>\n<p>Donald Trump sa p\u00e5 m\u00e5ndagen att han f\u00f6rst vill veta hur Ukraina planerar att anv\u00e4nda dem innan han tar ett beslut om leverans, rapporterar The Guardian. <\/p>\n<p>\u2013 Endast de som levererar dem och de som anv\u00e4nder dem kommer att f\u00e5 problem, sa Kartapolov.<\/p>\n<p>Omni \u00e4r politiskt obundna och oberoende. Vi str\u00e4var efter att ge fler perspektiv p\u00e5 nyheterna. Har du fr\u00e5gor eller synpunkter kring v\u00e5r rapportering? <a href=\"https:\/\/omni.se\/ryssland-kommer-svara-kraftfullt-om-ukraina-far-tomahawks\/a\/mailto:redaktion@omni.se\" class=\"ArticleActions_contactLink__W2F1M\" rel=\"nofollow noopener\" target=\"_blank\">Kontakta redaktionen<\/a><\/p>\n","protected":false},"excerpt":{"rendered":"Om Ukraina b\u00f6rjar anv\u00e4nda amerikanska Tomahawk-robotar i Ukraina skulle det inneb\u00e4ra en \u201dkvalitativ\u201d f\u00f6r\u00e4ndring i den r\u00e5dande situationen&hellip;\n","protected":false},"author":2,"featured_media":50344,"comment_status":"","ping_status":"","sticky":false,"template":"","format":"standard","meta":{"footnotes":""},"categories":[5],"tags":[387,22,23,385,26,27,17,21,24,25,28,29,15,268,16,18,269,264,34,31,33,32,30,19,20,263,74],"class_list":{"0":"post-50343","1":"post","2":"type-post","3":"status-publish","4":"format-standard","5":"has-post-thumbnail","7":"category-rubriker","8":"tag-amerikansk-politik","9":"tag-breaking-news","10":"tag-breakingnews","11":"tag-donald-trump","12":"tag-featured-news","13":"tag-featurednews","14":"tag-headlines","15":"tag-huvudnyheter","16":"tag-latest-news","17":"tag-latestnews","18":"tag-main-news","19":"tag-mainnews","20":"tag-news","21":"tag-nordamerika","22":"tag-nyheter","23":"tag-rubriker","24":"tag-ryska-invasionen","25":"tag-ryssland","26":"tag-se","27":"tag-svenska","28":"tag-sverige","29":"tag-sweden","30":"tag-swedish","31":"tag-top-stories","32":"tag-topstories","33":"tag-ukraina","34":"tag-usa"},"share_on_mastodon":{"url":"","error":""},"_links":{"self":[{"href":"https:\/\/www.europesays.com\/se\/wp-json\/wp\/v2\/posts\/50343","targetHints":{"allow":["GET"]}}],"collection":[{"href":"https:\/\/www.europesays.com\/se\/wp-json\/wp\/v2\/posts"}],"about":[{"href":"https:\/\/www.europesays.com\/se\/wp-json\/wp\/v2\/types\/post"}],"author":[{"embeddable":true,"href":"https:\/\/www.europesays.com\/se\/wp-json\/wp\/v2\/users\/2"}],"replies":[{"embeddable":true,"href":"https:\/\/www.europesays.com\/se\/wp-json\/wp\/v2\/comments?post=50343"}],"version-history":[{"count":0,"href":"https:\/\/www.europesays.com\/se\/wp-json\/wp\/v2\/posts\/50343\/revisions"}],"wp:featuredmedia":[{"embeddable":true,"href":"https:\/\/www.europesays.com\/se\/wp-json\/wp\/v2\/media\/50344"}],"wp:attachment":[{"href":"https:\/\/www.europesays.com\/se\/wp-json\/wp\/v2\/media?parent=50343"}],"wp:term":[{"taxonomy":"category","embeddable":true,"href":"https:\/\/www.europesays.com\/se\/wp-json\/wp\/v2\/categories?post=50343"},{"taxonomy":"post_tag","embeddable":true,"href":"https:\/\/www.europesays.com\/se\/wp-json\/wp\/v2\/tags?post=50343"}],"curies":[{"name":"wp","href":"https:\/\/api.w.org\/{rel}","templated":true}]}}