{"id":50345,"date":"2025-10-08T10:35:09","date_gmt":"2025-10-08T10:35:09","guid":{"rendered":"https:\/\/www.europesays.com\/se\/50345\/"},"modified":"2025-10-08T10:35:09","modified_gmt":"2025-10-08T10:35:09","slug":"tung-small-for-timra-stjarnan-har-brutit-foten","status":"publish","type":"post","link":"https:\/\/www.europesays.com\/se\/50345\/","title":{"rendered":"Tung sm\u00e4ll f\u00f6r Timr\u00e5: Stj\u00e4rnan har brutit foten"},"content":{"rendered":"<p><strong>Helgens seger mot Lule\u00e5 kan ha blivit dyrk\u00f6pt f\u00f6r <a href=\"https:\/\/hockeysverige.se\/klubb\/timra-ik\/\" rel=\"nofollow noopener\" target=\"_blank\">Timr\u00e5<\/a>. SHL-klubben meddelar nu att Marcus Hardeg\u00e5rd brutit foten och blir borta fr\u00e5n spel.<\/strong><\/p>\n<p><img loading=\"lazy\" decoding=\"async\" width=\"1024\" height=\"658\" src=\"https:\/\/www.europesays.com\/se\/wp-content\/uploads\/2025\/10\/Marcus-Hardegard-fot-1024x658.webp.webp\" alt=\"\" class=\"wp-image-311196\"  \/>Marcus Hardeg\u00e5rd. Foto: Bildbyr\u00e5n\/P\u00e4r Olert. <\/p>\n<p>Trots att han l\u00e4mnat m\u00f6tet med R\u00f6gle i f\u00f6rtid, samt saknats mot Bryn\u00e4s kort d\u00e4refter, spelade Marcus Hardeg\u00e5rd mest i hela Timr\u00e5 (22 minuter) under l\u00f6rdagens 2\u20131-vinst mot Lule\u00e5. Ett beslut som nu kanske straffar sig f\u00f6r SHL-klubben. <\/p>\n<p>Under onsdagen meddelar Timr\u00e5 att Hardeg\u00e5rd har brutit foten och kommer att bli borta i runt fyra veckor. <\/p>\n<p>\u2013\u00a0Efter vidare unders\u00f6kning har magnetr\u00f6ntgen visat en stabil fraktur i foten p\u00e5 Marcus Hardeg\u00e5rd. L\u00e4kningstiden ber\u00e4knas till omkring fyra veckor, kommenterar Christian Rydin, lagl\u00e4kare, p\u00e5 <a href=\"https:\/\/www.timraik.se\/article\/1fiat3t-43ei1\/view\" rel=\"nofollow noopener\" target=\"_blank\">lagets hemsida. <\/a><\/p>\n<p>Det tidigare beskedet fr\u00e5n Rydin var att stj\u00e4rnbacken var \u201ddag f\u00f6r dag\u201d och att man inte r\u00e4knade med n\u00e5gon l\u00e4ngre fr\u00e5nvaro. Det skrev han dock i ett sms till Sundsvalls Tidning efter f\u00f6rra veckans match mot Bryn\u00e4s.<\/p>\n<p>En nyckelspelare f\u00f6r Timr\u00e5<\/p>\n<p>Den nu 28-\u00e5rige Marcus Hardeg\u00e5rd ansl\u00f6t till Timr\u00e5 inf\u00f6r s\u00e4songen och har tagit en stor roll med upp mot 23, 24 och 25 minuters istid i flera matcher. Fyra po\u00e4ng har dessutom trillat in p\u00e5 kontot efter \u00e5tta matcher, vilket \u00e4r ett betydligt steg upp fr\u00e5n de tolv han producerade i Lule\u00e5 i fjol. <\/p>\n<p>Detta \u00e4r \u00c4lvsby-killens andra sejour i Timr\u00e5 d\u00e5 han slog sig fram i klubbens verksamhet som junior. <\/p>\n<p> Source: <a href=\"https:\/\/www.eliteprospects.com\/player\/201585\/marcus-hardegard\" target=\"_blank\" rel=\"noopener noreferrer nofollow\">Marcus Hardeg\u00e5rd<\/a> @ Elite Prospects<\/p>\n","protected":false},"excerpt":{"rendered":"Helgens seger mot Lule\u00e5 kan ha blivit dyrk\u00f6pt f\u00f6r Timr\u00e5. SHL-klubben meddelar nu att Marcus Hardeg\u00e5rd brutit foten&hellip;\n","protected":false},"author":2,"featured_media":50346,"comment_status":"","ping_status":"","sticky":false,"template":"","format":"standard","meta":{"footnotes":""},"categories":[68],"tags":[34,133,134,111,110,31,33,32,30],"class_list":{"0":"post-50345","1":"post","2":"type-post","3":"status-publish","4":"format-standard","5":"has-post-thumbnail","7":"category-sport","8":"tag-se","9":"tag-second-news","10":"tag-shl","11":"tag-sport","12":"tag-sports","13":"tag-svenska","14":"tag-sverige","15":"tag-sweden","16":"tag-swedish"},"share_on_mastodon":{"url":"","error":""},"_links":{"self":[{"href":"https:\/\/www.europesays.com\/se\/wp-json\/wp\/v2\/posts\/50345","targetHints":{"allow":["GET"]}}],"collection":[{"href":"https:\/\/www.europesays.com\/se\/wp-json\/wp\/v2\/posts"}],"about":[{"href":"https:\/\/www.europesays.com\/se\/wp-json\/wp\/v2\/types\/post"}],"author":[{"embeddable":true,"href":"https:\/\/www.europesays.com\/se\/wp-json\/wp\/v2\/users\/2"}],"replies":[{"embeddable":true,"href":"https:\/\/www.europesays.com\/se\/wp-json\/wp\/v2\/comments?post=50345"}],"version-history":[{"count":0,"href":"https:\/\/www.europesays.com\/se\/wp-json\/wp\/v2\/posts\/50345\/revisions"}],"wp:featuredmedia":[{"embeddable":true,"href":"https:\/\/www.europesays.com\/se\/wp-json\/wp\/v2\/media\/50346"}],"wp:attachment":[{"href":"https:\/\/www.europesays.com\/se\/wp-json\/wp\/v2\/media?parent=50345"}],"wp:term":[{"taxonomy":"category","embeddable":true,"href":"https:\/\/www.europesays.com\/se\/wp-json\/wp\/v2\/categories?post=50345"},{"taxonomy":"post_tag","embeddable":true,"href":"https:\/\/www.europesays.com\/se\/wp-json\/wp\/v2\/tags?post=50345"}],"curies":[{"name":"wp","href":"https:\/\/api.w.org\/{rel}","templated":true}]}}