{"id":50351,"date":"2025-10-08T10:43:19","date_gmt":"2025-10-08T10:43:19","guid":{"rendered":"https:\/\/www.europesays.com\/se\/50351\/"},"modified":"2025-10-08T10:43:19","modified_gmt":"2025-10-08T10:43:19","slug":"norska-malvakten-i-tarar-efter-hammarbys-kross-damallsvenskan","status":"publish","type":"post","link":"https:\/\/www.europesays.com\/se\/50351\/","title":{"rendered":"Norska m\u00e5lvakten i t\u00e5rar \u2013 efter Hammarbys kross | Damallsvenskan"},"content":{"rendered":"<p>Publicerad 7 okt 2025 kl 22.01<\/p>\n<p>Hammarby krossade Brann med 4\u20131.<\/p>\n<p>Det fick den norska m\u00e5lvakten Selma Panengstuen att l\u00e4mna planen i t\u00e5rar.<\/p>\n<p>\u2013 Jag har en otroligt d\u00e5lig dag p\u00e5 jobbet, s\u00e4ger hon till Expressen.<\/p>\n<p><img loading=\"lazy\"   alt=\"\"\/> <\/p>\n<p>Foto: KENTA J\u00d6NSSON \/ BILDBYR\u00c5N<\/p>\n<p>\u00d6ppna bild i helsk\u00e4rm<img loading=\"lazy\"   alt=\"\"\/> <\/p>\n<p>Foto: Pontus Orre\/TT \/ TT NYHETSBYR\u00c5N<\/p>\n<p>\u00d6ppna bild i helsk\u00e4rm<\/p>\n<p>Brann leder den norska ligan. De har bara sl\u00e4ppt in sex m\u00e5l p\u00e5 s\u00e4songens 22 inledande matcher.<\/p>\n<p>Men mot Hammarby, i kvalet till Europa Cup, blev det andra bullar.<\/p>\n<p>M\u00e5lvakten Selma Panengstuen sl\u00e4ppte in hela fyra bollar i matchen som slutade 4\u20131 till Hammarby. Detta efter ett Ellen Wangerheim slagit till med ett hattrick.<\/p>\n<p>Den norska m\u00e5lvakten l\u00e4mnade planen i t\u00e5rar.<\/p>\n<p>\u2013 Det \u00e4r tr\u00e5kigt, jag har en otroligt d\u00e5lig dag p\u00e5 jobbet. Jag ska inte gr\u00e5ta. Det \u00e4r trist, s\u00e4ger hon till Expressen och forts\u00e4tter:<\/p>\n<p>\u2013 I f\u00f6rsta halvlek s\u00e5 tycker jag att vi \u00e4r bra, har mycket boll, skapar mycket chanser men g\u00f6r inte m\u00e5l.<\/p>\n<p>22-\u00e5ringen tar p\u00e5 sig fullt ansvar f\u00f6r bakl\u00e4ngesm\u00e5len.<\/p>\n<p>\u2013 Det \u00e4r bara v\u00e4ldigt jobbigt. Jag har inte levererat, laget har inte levererat. Jag tar ansvar f\u00f6r de m\u00e5len som sl\u00e4pps in, det \u00e4r inte bra nog.<\/p>\n<p>Besvikelsen: \u201dExtra jobbigt\u201d<\/p>\n<p>Besvikelsen blir extra p\u00e5taglig i och med att s\u00e4songen varit s\u00e5 fl\u00e4ckfri, menar Panengstuen.<\/p>\n<p>\u2013 Personligen har jag haft en v\u00e4ldigt bra s\u00e4song, d\u00e4rf\u00f6r \u00e4r det extra jobbigt att f\u00e5 det kastat i ansiktet i dag. Jag har sl\u00e4ppt in n\u00e4stan lika m\u00e5nga som jag har sl\u00e4ppt in i hela \u00e5ret p\u00e5 en match. S\u00e5 det \u00e4r klart en besvikelse.<\/p>\n<p>Ellen Wangerheim, som satte hela tre bollar i n\u00e4tmaskorna bakom den norska m\u00e5lvakten, menar att det i dag blev tydligt att den svenska ligan ligger n\u00e5gra sn\u00e4pp \u00f6ver den norska.<\/p>\n<p>\u2013 Jag visste att de var bra p\u00e5 att f\u00f6rsvara. Samtidigt s\u00e5 m\u00e4rker man att de inte m\u00f6ter s\u00e5 h\u00e4r bra lag i sin serie, och d\u00e5 f\u00e5r man utnyttja det, s\u00e4ger Wangerheim.<\/p>\n<p>Ett returm\u00f6te i Norge \u00e5terst\u00e5r f\u00f6r att Hammarby ska ta sig vidare till den avslutande kvalomg\u00e5ngen i Europa Cup.<\/p>\n","protected":false},"excerpt":{"rendered":"Publicerad 7 okt 2025 kl 22.01 Hammarby krossade Brann med 4\u20131. Det fick den norska m\u00e5lvakten Selma Panengstuen&hellip;\n","protected":false},"author":2,"featured_media":50352,"comment_status":"","ping_status":"","sticky":false,"template":"","format":"standard","meta":{"footnotes":""},"categories":[68],"tags":[2697,34,226,129,111,110,31,33,32,30],"class_list":{"0":"post-50351","1":"post","2":"type-post","3":"status-publish","4":"format-standard","5":"has-post-thumbnail","7":"category-sport","8":"tag-organization-hammarby-if-dam","9":"tag-se","10":"tag-sections-damallsvenskan","11":"tag-sections-fotboll","12":"tag-sport","13":"tag-sports","14":"tag-svenska","15":"tag-sverige","16":"tag-sweden","17":"tag-swedish"},"share_on_mastodon":{"url":"","error":""},"_links":{"self":[{"href":"https:\/\/www.europesays.com\/se\/wp-json\/wp\/v2\/posts\/50351","targetHints":{"allow":["GET"]}}],"collection":[{"href":"https:\/\/www.europesays.com\/se\/wp-json\/wp\/v2\/posts"}],"about":[{"href":"https:\/\/www.europesays.com\/se\/wp-json\/wp\/v2\/types\/post"}],"author":[{"embeddable":true,"href":"https:\/\/www.europesays.com\/se\/wp-json\/wp\/v2\/users\/2"}],"replies":[{"embeddable":true,"href":"https:\/\/www.europesays.com\/se\/wp-json\/wp\/v2\/comments?post=50351"}],"version-history":[{"count":0,"href":"https:\/\/www.europesays.com\/se\/wp-json\/wp\/v2\/posts\/50351\/revisions"}],"wp:featuredmedia":[{"embeddable":true,"href":"https:\/\/www.europesays.com\/se\/wp-json\/wp\/v2\/media\/50352"}],"wp:attachment":[{"href":"https:\/\/www.europesays.com\/se\/wp-json\/wp\/v2\/media?parent=50351"}],"wp:term":[{"taxonomy":"category","embeddable":true,"href":"https:\/\/www.europesays.com\/se\/wp-json\/wp\/v2\/categories?post=50351"},{"taxonomy":"post_tag","embeddable":true,"href":"https:\/\/www.europesays.com\/se\/wp-json\/wp\/v2\/tags?post=50351"}],"curies":[{"name":"wp","href":"https:\/\/api.w.org\/{rel}","templated":true}]}}