{"id":50360,"date":"2025-10-08T10:57:08","date_gmt":"2025-10-08T10:57:08","guid":{"rendered":"https:\/\/www.europesays.com\/se\/50360\/"},"modified":"2025-10-08T10:57:08","modified_gmt":"2025-10-08T10:57:08","slug":"eu-drar-sverige-till-domstol-for-missade-klimatataganden","status":"publish","type":"post","link":"https:\/\/www.europesays.com\/se\/50360\/","title":{"rendered":"EU drar Sverige till domstol f\u00f6r missade klimat\u00e5taganden"},"content":{"rendered":"<p>Sverige har inte levt upp till sina klimatpolitiska \u00e5taganden och nu drar EU-kommissionen landet inf\u00f6r r\u00e4tta. Det framg\u00e5r av ett pressmeddelande.<\/p>\n<p>Enligt EU:s nya regler \u00e4r alla medlemsl\u00e4nder skyldiga att inf\u00f6ra regler om enklare och snabbare tillst\u00e5nd f\u00f6r f\u00f6rnybar energi. Deadlinen f\u00f6r det var 1 juli 2024.<\/p>\n<p>\u201dI dag, mer \u00e4n ett \u00e5r efter att inf\u00f6randedeadlinen har passerat, har Sverige fortfarande inte aviserat n\u00e5gra \u00e5tg\u00e4rder\u201d, skriver kommissionen i sitt pressmeddelande. <\/p>\n<p>Omni \u00e4r politiskt obundna och oberoende. Vi str\u00e4var efter att ge fler perspektiv p\u00e5 nyheterna. Har du fr\u00e5gor eller synpunkter kring v\u00e5r rapportering? <a href=\"https:\/\/omni.se\/eu-drar-sverige-till-domstol-for-missade-klimatataganden\/a\/mailto:redaktion@omni.se\" class=\"ArticleActions_contactLink__W2F1M\" rel=\"nofollow noopener\" target=\"_blank\">Kontakta redaktionen<\/a><\/p>\n","protected":false},"excerpt":{"rendered":"Sverige har inte levt upp till sina klimatpolitiska \u00e5taganden och nu drar EU-kommissionen landet inf\u00f6r r\u00e4tta. Det framg\u00e5r&hellip;\n","protected":false},"author":2,"featured_media":50361,"comment_status":"","ping_status":"","sticky":false,"template":"","format":"standard","meta":{"footnotes":""},"categories":[5],"tags":[22,23,2457,1141,26,27,17,21,528,940,24,25,28,29,15,16,18,34,31,33,32,30,19,20,1109],"class_list":{"0":"post-50360","1":"post","2":"type-post","3":"status-publish","4":"format-standard","5":"has-post-thumbnail","7":"category-rubriker","8":"tag-breaking-news","9":"tag-breakingnews","10":"tag-eu-kommissionen","11":"tag-eu-politik","12":"tag-featured-news","13":"tag-featurednews","14":"tag-headlines","15":"tag-huvudnyheter","16":"tag-klimat-miljo","17":"tag-klimathotet","18":"tag-latest-news","19":"tag-latestnews","20":"tag-main-news","21":"tag-mainnews","22":"tag-news","23":"tag-nyheter","24":"tag-rubriker","25":"tag-se","26":"tag-svenska","27":"tag-sverige","28":"tag-sweden","29":"tag-swedish","30":"tag-top-stories","31":"tag-topstories","32":"tag-ursula-von-der-leyen"},"share_on_mastodon":{"url":"","error":""},"_links":{"self":[{"href":"https:\/\/www.europesays.com\/se\/wp-json\/wp\/v2\/posts\/50360","targetHints":{"allow":["GET"]}}],"collection":[{"href":"https:\/\/www.europesays.com\/se\/wp-json\/wp\/v2\/posts"}],"about":[{"href":"https:\/\/www.europesays.com\/se\/wp-json\/wp\/v2\/types\/post"}],"author":[{"embeddable":true,"href":"https:\/\/www.europesays.com\/se\/wp-json\/wp\/v2\/users\/2"}],"replies":[{"embeddable":true,"href":"https:\/\/www.europesays.com\/se\/wp-json\/wp\/v2\/comments?post=50360"}],"version-history":[{"count":0,"href":"https:\/\/www.europesays.com\/se\/wp-json\/wp\/v2\/posts\/50360\/revisions"}],"wp:featuredmedia":[{"embeddable":true,"href":"https:\/\/www.europesays.com\/se\/wp-json\/wp\/v2\/media\/50361"}],"wp:attachment":[{"href":"https:\/\/www.europesays.com\/se\/wp-json\/wp\/v2\/media?parent=50360"}],"wp:term":[{"taxonomy":"category","embeddable":true,"href":"https:\/\/www.europesays.com\/se\/wp-json\/wp\/v2\/categories?post=50360"},{"taxonomy":"post_tag","embeddable":true,"href":"https:\/\/www.europesays.com\/se\/wp-json\/wp\/v2\/tags?post=50360"}],"curies":[{"name":"wp","href":"https:\/\/api.w.org\/{rel}","templated":true}]}}