{"id":5037,"date":"2025-08-14T20:00:14","date_gmt":"2025-08-14T20:00:14","guid":{"rendered":"https:\/\/www.europesays.com\/se\/5037\/"},"modified":"2025-08-14T20:00:14","modified_gmt":"2025-08-14T20:00:14","slug":"kristersson-om-alaska-kan-sluta-med-ryskt-nej-politik","status":"publish","type":"post","link":"https:\/\/www.europesays.com\/se\/5037\/","title":{"rendered":"Kristersson om Alaska: Kan sluta med ryskt nej | Politik"},"content":{"rendered":"<p>\u201dReserverad hoppfullhet\u201d. S\u00e5 sammanfattar statsminister Ulf Kristersson (M) sin syn p\u00e5 Ukrainam\u00f6tet i Alaska mellan presidenterna Donald Trump och Vladimir Putin.\u00a0<\/p>\n<p>\u2013 Det kan sluta med att Ryssland s\u00e4ger nej, s\u00e4ger han i en intervju med TT.\u00a0<\/p>\n<p><img   alt=\"\"\/><\/p>\n<p>Statsminister Ulf Kristersson (M).<\/p>\n<p>Foto: Pontus Lundahl\/TT \/ TT NYHETSBYR\u00c5N<\/p>\n<p>Kristersson betonar att fredagens Alaskam\u00f6te omg\u00e4rdas av \u201denorma os\u00e4kerheter\u201d.<\/p>\n<p>\u2013 Det som g\u00f6r att m\u00e5nga \u00e4nd\u00e5 \u00e4r pessimister \u00e4r att det finns ingenting som tyder p\u00e5 att Putin och Ryssland har \u00e4ndrat sin inst\u00e4llning till kriget, s\u00e4ger han.<\/p>\n<p>Statsministerns kommentarer kommer mindre \u00e4n ett dygn efter att han deltagit i ett digitalt m\u00f6te med den s\u00e5 kallade \u201dCoalition of the willing\u201d av l\u00e4nder som st\u00f6djer Ukraina. Det h\u00f6lls i direkt anslutning till ett digitalt toppm\u00f6te mellan Ukrainas president Volodymyr Zelenskyj, europeiska ledare, USA:s president Donald Trump inf\u00f6r toppm\u00f6tet i Alaska.\u00a0<\/p>\n<p>\u201dTagit f\u00e4ste\u201d i USA<\/p>\n<p>Vid sammantr\u00e4det betonades att enbart Ukraina kan f\u00f6rhandla f\u00f6r Ukraina samt att en omedelbar villkorsl\u00f6s vapenvila m\u00e5ste ligga till grund f\u00f6r en fredsuppg\u00f6relse. Kristersson var positiv efter m\u00f6tet, fr\u00e4mst med tanke p\u00e5 enigheten bland ledarna och att han uppfattade att JD Vances, som ocks\u00e5 deltog, budskap l\u00e5g \u201dv\u00e4ldigt n\u00e4ra\u201d Europas. Han s\u00e4ger att \u00e4ven Zelenskyj \u00e4r medveten om att detta kan blir \u201den formativ vecka\u201d.\u00a0<\/p>\n<p>\u2013 Jag f\u00e5r \u00e4nd\u00e5 en k\u00e4nsla av att det vi har sagt i \u201dCoalition of the willing\u201d under en l\u00e5ng tid nu mer tagit f\u00e4ste i det amerikanska styret.\u00a0<\/p>\n<p>Hur koalitionen kan bidra med s\u00e4kerhetsgarantier i h\u00e4ndelse av en framtida fredsuppg\u00f6relse diskuterades dock inte, enligt statsministern. Inte heller de \u201dterritoriella utbyten\u201d som Donald Trump antytt.<\/p>\n<p>\u2013 Mer det faktum att det inte ska diskuteras n\u00e5gra s\u00e5dana landavtr\u00e4delser.\u00a0<\/p>\n<p>Fler sanktioner?<\/p>\n<p>Om Ryssland inte \u00e4r villigt att g\u00e5 Europa och USA till m\u00f6tes s\u00e5 finns ytterligare sanktioner att ta till, enligt Kristersson. \u00a0<\/p>\n<p>\u2013 Vi vet att den absolut st\u00f6rsta svagheten de (Moskva) har \u00e4r att den ryska ekonomin nu \u00e4r uppbunden kring olja, skuggflottan och milit\u00e4ra utgifter.<\/p>\n<p>\u2013 Den absolut st\u00f6rsta risken de tar \u00e4r att omv\u00e4rlden stryper den ryska ekonomin. Det \u00e4r dit vi m\u00e5ste komma om de inte tar ordentliga steg fram\u00e5t p\u00e5 m\u00f6tet.<\/p>\n","protected":false},"excerpt":{"rendered":"\u201dReserverad hoppfullhet\u201d. S\u00e5 sammanfattar statsminister Ulf Kristersson (M) sin syn p\u00e5 Ukrainam\u00f6tet i Alaska mellan presidenterna Donald Trump&hellip;\n","protected":false},"author":2,"featured_media":5038,"comment_status":"","ping_status":"","sticky":false,"template":"","format":"standard","meta":{"footnotes":""},"categories":[14],"tags":[22,23,26,27,17,21,24,25,28,29,15,881,16,530,18,34,583,31,33,32,30,19,20,51,52,53,54],"class_list":{"0":"post-5037","1":"post","2":"type-post","3":"status-publish","4":"format-standard","5":"has-post-thumbnail","7":"category-varlden","8":"tag-breaking-news","9":"tag-breakingnews","10":"tag-featured-news","11":"tag-featurednews","12":"tag-headlines","13":"tag-huvudnyheter","14":"tag-latest-news","15":"tag-latestnews","16":"tag-main-news","17":"tag-mainnews","18":"tag-news","19":"tag-newsstory-trump-moter-putin-i-alaska","20":"tag-nyheter","21":"tag-person-ulf-kristersson","22":"tag-rubriker","23":"tag-se","24":"tag-sections-politik","25":"tag-svenska","26":"tag-sverige","27":"tag-sweden","28":"tag-swedish","29":"tag-top-stories","30":"tag-topstories","31":"tag-varlden","32":"tag-world","33":"tag-world-news","34":"tag-worldnews"},"share_on_mastodon":{"url":"","error":""},"_links":{"self":[{"href":"https:\/\/www.europesays.com\/se\/wp-json\/wp\/v2\/posts\/5037","targetHints":{"allow":["GET"]}}],"collection":[{"href":"https:\/\/www.europesays.com\/se\/wp-json\/wp\/v2\/posts"}],"about":[{"href":"https:\/\/www.europesays.com\/se\/wp-json\/wp\/v2\/types\/post"}],"author":[{"embeddable":true,"href":"https:\/\/www.europesays.com\/se\/wp-json\/wp\/v2\/users\/2"}],"replies":[{"embeddable":true,"href":"https:\/\/www.europesays.com\/se\/wp-json\/wp\/v2\/comments?post=5037"}],"version-history":[{"count":0,"href":"https:\/\/www.europesays.com\/se\/wp-json\/wp\/v2\/posts\/5037\/revisions"}],"wp:featuredmedia":[{"embeddable":true,"href":"https:\/\/www.europesays.com\/se\/wp-json\/wp\/v2\/media\/5038"}],"wp:attachment":[{"href":"https:\/\/www.europesays.com\/se\/wp-json\/wp\/v2\/media?parent=5037"}],"wp:term":[{"taxonomy":"category","embeddable":true,"href":"https:\/\/www.europesays.com\/se\/wp-json\/wp\/v2\/categories?post=5037"},{"taxonomy":"post_tag","embeddable":true,"href":"https:\/\/www.europesays.com\/se\/wp-json\/wp\/v2\/tags?post=5037"}],"curies":[{"name":"wp","href":"https:\/\/api.w.org\/{rel}","templated":true}]}}