{"id":50393,"date":"2025-10-08T12:02:08","date_gmt":"2025-10-08T12:02:08","guid":{"rendered":"https:\/\/www.europesays.com\/se\/50393\/"},"modified":"2025-10-08T12:02:08","modified_gmt":"2025-10-08T12:02:08","slug":"pressinbjudan-avslutning-med-invigning-av-den-gula-banken-pa-kramaren-en-manad-for-livet","status":"publish","type":"post","link":"https:\/\/www.europesays.com\/se\/50393\/","title":{"rendered":"Pressinbjudan: Avslutning med invigning av den gula b\u00e4nken p\u00e5 Kr\u00e4maren \u2013 En m\u00e5nad f\u00f6r livet"},"content":{"rendered":"<p><strong><\/p>\n<p>Vi avslutar kampanjen En m\u00e5nad f\u00f6r livet med att inviga en gul b\u00e4nk p\u00e5 Kr\u00e4maren. D\u00e4r kommer samtalen om psykisk h\u00e4lsa och suicidprevention forts\u00e4tta.<\/p>\n<p><\/strong><\/p>\n<p>&#8211; Den 10 oktober, p\u00e5 V\u00e4rldsdagen f\u00f6r psykisk h\u00e4lsa, bjuder vi media att vara med vid invigningen. F\u00f6rutom samtalsb\u00e4nken blir det information fr\u00e5n f\u00f6reningar, p\u00e4rlbord och t\u00e4vling om fina priser, ber\u00e4ttar Johanna Bernstr\u00f6m H\u00f6gblom, l\u00e4nssamordnare f\u00f6r suicidprevention och den son h\u00e5ller ihop En m\u00e5nad f\u00f6r livet.<\/p>\n<p>Program<\/p>\n<p>14.00 Invigning av den gula b\u00e4nken<br \/>John Johansson (S), kommunstyrelsens ordf\u00f6rande<br \/>Elin Branhammar, samordnare och ambassad\u00f6rer fr\u00e5n Hj\u00e4rnkoll \u00d6rebro l\u00e4n<\/p>\n<p>14.00-16.00 Kom och prata om psykisk h\u00e4lsa med oss!\u00a0<br \/>F\u00f6reningar finns p\u00e5 plats f\u00f6r att informera om st\u00f6d till sina m\u00e5lgrupper, <br \/>p\u00e4rla tillsammans och t\u00e4vla om fina priser.<\/p>\n<p>Ingen f\u00f6ranm\u00e4lan kr\u00e4vs \u2013 det \u00e4r bara att dyka upp och delta.<\/p>\n<p>Gula b\u00e4nken \u2013 en plats f\u00f6r samtal<\/p>\n<p>I m\u00e5nga l\u00e4nder har den gula b\u00e4nken, \u00e4ven kallad Friendship Bench, blivit en trygg punkt i det offentliga rummet f\u00f6r samtal om psykisk h\u00e4lsa. B\u00e4nken \u00e4r inte bara en plats att sitta p\u00e5, utan ocks\u00e5 en tydlig inbjudan: h\u00e4r \u00e4r du v\u00e4lkommen att stanna till, sl\u00e5 dig ner och dela tankar. Den som tar en paus p\u00e5 b\u00e4nken visar andra att d\u00f6rren till samtal st\u00e5r \u00f6ppen och p\u00e5 s\u00e5 vis kan vi tillsammans bryta tabun och minska stigmat kring psykisk oh\u00e4lsa.<\/p>\n<p>En m\u00e5nad f\u00f6r livet 2025 \u2013 tillsammans f\u00f6r psykisk h\u00e4lsa<\/p>\n<p>Invigningen av gula b\u00e4nken \u00e4r en del av En m\u00e5nad f\u00f6r livet 2025, en kampanj som uppm\u00e4rksammar psykisk h\u00e4lsa och suicidprevention i \u00d6rebro l\u00e4n. Genom evenemang, aktiviteter och gemensamt engagemang vill vi skapa ett \u00f6ppnare samh\u00e4lle d\u00e4r fler v\u00e5gar prata om det sv\u00e5ra \u2013 och d\u00e4r alla vet att det finns st\u00f6d att f\u00e5.<\/p>\n<p>L\u00e4s mer om gula b\u00e4nkar p\u00e5 Hj\u00e4rnkoll \u00d6rebro l\u00e4ns webb <a href=\"https:\/\/orebrolan.hjarnkoll.se\/gula-bankarna-en-trygg-plats-for-samtal\/\" rel=\"nofollow noopener\" target=\"_blank\">https:\/\/orebrolan.hjarnkoll.se\/gula-bankarna-en-trygg-plats-for-samtal\/<\/a><\/p>\n<p>L\u00e4s mer om En m\u00e5nad f\u00f6r livet p\u00e5 <a href=\"https:\/\/suicidprev.regionorebrolan.se\/\" rel=\"nofollow noopener\" target=\"_blank\">https:\/\/suicidprev.regionorebrolan.se\/<\/a><\/p>\n<p><strong>Kontakt<\/strong><\/p>\n<p>Sofia Kj\u00f6rk 019-6026342<\/p>\n<p>Johanna Bernstr\u00f6m H\u00f6gblom 019-6026346<\/p>\n","protected":false},"excerpt":{"rendered":"Vi avslutar kampanjen En m\u00e5nad f\u00f6r livet med att inviga en gul b\u00e4nk p\u00e5 Kr\u00e4maren. D\u00e4r kommer samtalen&hellip;\n","protected":false},"author":2,"featured_media":50394,"comment_status":"","ping_status":"","sticky":false,"template":"","format":"standard","meta":{"footnotes":""},"categories":[69],"tags":[113,112,34,31,33,32,30],"class_list":{"0":"post-50393","1":"post","2":"type-post","3":"status-publish","4":"format-standard","5":"has-post-thumbnail","7":"category-halsa","8":"tag-halsa","9":"tag-health","10":"tag-se","11":"tag-svenska","12":"tag-sverige","13":"tag-sweden","14":"tag-swedish"},"share_on_mastodon":{"url":"","error":""},"_links":{"self":[{"href":"https:\/\/www.europesays.com\/se\/wp-json\/wp\/v2\/posts\/50393","targetHints":{"allow":["GET"]}}],"collection":[{"href":"https:\/\/www.europesays.com\/se\/wp-json\/wp\/v2\/posts"}],"about":[{"href":"https:\/\/www.europesays.com\/se\/wp-json\/wp\/v2\/types\/post"}],"author":[{"embeddable":true,"href":"https:\/\/www.europesays.com\/se\/wp-json\/wp\/v2\/users\/2"}],"replies":[{"embeddable":true,"href":"https:\/\/www.europesays.com\/se\/wp-json\/wp\/v2\/comments?post=50393"}],"version-history":[{"count":0,"href":"https:\/\/www.europesays.com\/se\/wp-json\/wp\/v2\/posts\/50393\/revisions"}],"wp:featuredmedia":[{"embeddable":true,"href":"https:\/\/www.europesays.com\/se\/wp-json\/wp\/v2\/media\/50394"}],"wp:attachment":[{"href":"https:\/\/www.europesays.com\/se\/wp-json\/wp\/v2\/media?parent=50393"}],"wp:term":[{"taxonomy":"category","embeddable":true,"href":"https:\/\/www.europesays.com\/se\/wp-json\/wp\/v2\/categories?post=50393"},{"taxonomy":"post_tag","embeddable":true,"href":"https:\/\/www.europesays.com\/se\/wp-json\/wp\/v2\/tags?post=50393"}],"curies":[{"name":"wp","href":"https:\/\/api.w.org\/{rel}","templated":true}]}}